{"id":211722,"date":"2021-10-21T12:33:53","date_gmt":"2021-10-21T15:33:53","guid":{"rendered":"https:\/\/www.redenoticia.com.br\/noticia\/?p=211722"},"modified":"2021-10-21T12:33:53","modified_gmt":"2021-10-21T15:33:53","slug":"novela-malhacao-sonhos-22-10-henrique-grava-a-conversa-de-lobao-com-montanha","status":"publish","type":"post","link":"https:\/\/migracao.redenoticia.com.br\/noticia\/2021\/novela-malhacao-sonhos-22-10-henrique-grava-a-conversa-de-lobao-com-montanha\/211722","title":{"rendered":"Novela &#8220;Malha\u00e7\u00e3o&#8221; Sonhos 22\/10: Henrique grava a conversa de Lob\u00e3o com Montanha"},"content":{"rendered":"<p><img loading=\"lazy\" decoding=\"async\" class=\"aligncenter size-full wp-image-202688\" src=\"https:\/\/migracao.redenoticia.com.br\/noticia\/imagens\/malhacao-sonhos-elenco-protagonistas.jpg\" alt=\"\" width=\"1280\" height=\"720\" srcset=\"https:\/\/migracao.redenoticia.com.br\/noticia\/imagens\/malhacao-sonhos-elenco-protagonistas.jpg 1280w, https:\/\/migracao.redenoticia.com.br\/noticia\/imagens\/malhacao-sonhos-elenco-protagonistas-250x140.jpg 250w, https:\/\/migracao.redenoticia.com.br\/noticia\/imagens\/malhacao-sonhos-elenco-protagonistas-400x225.jpg 400w, https:\/\/migracao.redenoticia.com.br\/noticia\/imagens\/malhacao-sonhos-elenco-protagonistas-768x432.jpg 768w, https:\/\/migracao.redenoticia.com.br\/noticia\/imagens\/malhacao-sonhos-elenco-protagonistas-150x85.jpg 150w\" sizes=\"auto, (max-width: 1280px) 100vw, 1280px\" \/><\/p>\n<p><em><strong>Resumo da novela &#8220;Malha\u00e7\u00e3o&#8221; Sonhos<\/strong><\/em> em 22\/10: no cap\u00edtulo 104(*) da novela, Lob\u00e3o fica feliz com o sofrimento de Karina. Dandara pensa em conversar com Karina sobre a situa\u00e7\u00e3o com Gael. Cobra convida Lucr\u00e9cia, Jade e Edgard para assistirem \u00e0 sua luta no Warriors. Dandara confidencia a Karina que Gael n\u00e3o pode falar com ela. Wallace sente-se mal antes da luta e Sol fica preocupada. Joaquina aparece na Khan e Lob\u00e3o manda prenderem ela no banheiro. Karina pede a Pedro para ajud\u00e1-la a se encontrar com Gael.<\/p>\n<p>Gael repassa as \u00faltimas estrat\u00e9gias de luta com Duca. Heideguer revela seu plano para se livrar de Lob\u00e3o e Henrique tenta esconder o nervosismo. Cobra v\u00ea Wallace passando mal e tenta apoi\u00e1-lo. Heideguer manda Henrique ir com Lob\u00e3o conversar com um lutador. Karina sai de seu esconderijo ao ver Gael chegar no gin\u00e1sio. Henrique come\u00e7a a gravar a conversa de Lob\u00e3o com Montanha. Karina e Gael se abra\u00e7am na frente do gin\u00e1sio.<\/p>\n<p>(*) edi\u00e7\u00e3o das novelas da Globo, \u201cMalha\u00e7\u00e3o\u201d Sonhos, sujeito a altera\u00e7\u00e3o de data e conte\u00fado.<\/p>\n<p>Sinopse Novela &#8220;Malha\u00e7\u00e3o&#8221; Sonhos: Formar campe\u00f5es e repassar os princ\u00edpios das artes marciais para os alunos s\u00e3o alguns dos sonhos de Gael (Eriberto Le\u00e3o). Duca (Arthur Aguiar) \u00e9 seu melhor atleta. Ele est\u00e1 sempre acompanhado dos amigos Z\u00e9 (Bruno Fraga) e Marc\u00e3o (Jean Amorim). Karina (Isabella Santoni), filha de Gael, n\u00e3o aceita que o pai s\u00f3 tenha olhos para Duca e treina para ser uma grande lutadora. A ca\u00e7ula do mestre \u00e9 apaixonada pelo disc\u00edpulo do pai e n\u00e3o sabe que ele e sua irm\u00e3, Bianca (Bruna Ham\u00fa), est\u00e3o prestes a assumir o namoro.<\/p>\n","protected":false},"excerpt":{"rendered":"<p>Resumo da novela &#8220;Malha\u00e7\u00e3o&#8221; Sonhos em 22\/10: no cap\u00edtulo 104(*) da novela, Lob\u00e3o fica feliz com o sofrimento de Karina. Dandara pensa em conversar com Karina sobre a situa\u00e7\u00e3o com Gael. Cobra convida Lucr\u00e9cia, Jade e Edgard para assistirem \u00e0 sua luta no Warriors. Dandara confidencia a Karina que Gael n\u00e3o pode falar com ela. [&hellip;]<\/p>\n","protected":false},"author":4,"featured_media":202687,"comment_status":"closed","ping_status":"closed","sticky":false,"template":"","format":"standard","meta":{"tdm_status":"","tdm_grid_status":"","footnotes":""},"categories":[447,379,375,2025,343],"tags":[441],"class_list":{"0":"post-211722","1":"post","2":"type-post","3":"status-publish","4":"format-standard","5":"has-post-thumbnail","7":"category-malhacao","8":"category-novelas","9":"category-rede-globo","10":"category-resumo","11":"category-televisao","12":"tag-resumo-do-dia"},"_links":{"self":[{"href":"https:\/\/migracao.redenoticia.com.br\/noticia\/wp-json\/wp\/v2\/posts\/211722","targetHints":{"allow":["GET"]}}],"collection":[{"href":"https:\/\/migracao.redenoticia.com.br\/noticia\/wp-json\/wp\/v2\/posts"}],"about":[{"href":"https:\/\/migracao.redenoticia.com.br\/noticia\/wp-json\/wp\/v2\/types\/post"}],"author":[{"embeddable":true,"href":"https:\/\/migracao.redenoticia.com.br\/noticia\/wp-json\/wp\/v2\/users\/4"}],"replies":[{"embeddable":true,"href":"https:\/\/migracao.redenoticia.com.br\/noticia\/wp-json\/wp\/v2\/comments?post=211722"}],"version-history":[{"count":0,"href":"https:\/\/migracao.redenoticia.com.br\/noticia\/wp-json\/wp\/v2\/posts\/211722\/revisions"}],"wp:featuredmedia":[{"embeddable":true,"href":"https:\/\/migracao.redenoticia.com.br\/noticia\/wp-json\/wp\/v2\/media\/202687"}],"wp:attachment":[{"href":"https:\/\/migracao.redenoticia.com.br\/noticia\/wp-json\/wp\/v2\/media?parent=211722"}],"wp:term":[{"taxonomy":"category","embeddable":true,"href":"https:\/\/migracao.redenoticia.com.br\/noticia\/wp-json\/wp\/v2\/categories?post=211722"},{"taxonomy":"post_tag","embeddable":true,"href":"https:\/\/migracao.redenoticia.com.br\/noticia\/wp-json\/wp\/v2\/tags?post=211722"}],"curies":[{"name":"wp","href":"https:\/\/api.w.org\/{rel}","templated":true}]}}