{"id":211731,"date":"2021-10-21T12:37:39","date_gmt":"2021-10-21T15:37:39","guid":{"rendered":"https:\/\/www.redenoticia.com.br\/noticia\/?p=211731"},"modified":"2021-10-21T12:37:39","modified_gmt":"2021-10-21T15:37:39","slug":"resumo-imperio-22-10-jose-alfredo-enfrenta-maurilio","status":"publish","type":"post","link":"https:\/\/migracao.redenoticia.com.br\/noticia\/2021\/resumo-imperio-22-10-jose-alfredo-enfrenta-maurilio\/211731","title":{"rendered":"Resumo \u201cImp\u00e9rio\u201d 22\/10: Jos\u00e9 Alfredo enfrenta Maur\u00edlio"},"content":{"rendered":"<p><img loading=\"lazy\" decoding=\"async\" class=\"aligncenter size-full wp-image-205063\" src=\"https:\/\/migracao.redenoticia.com.br\/noticia\/imagens\/novela-imperio-resumo-elenco.jpeg\" alt=\"\" width=\"1280\" height=\"720\" srcset=\"https:\/\/migracao.redenoticia.com.br\/noticia\/imagens\/novela-imperio-resumo-elenco.jpeg 1280w, https:\/\/migracao.redenoticia.com.br\/noticia\/imagens\/novela-imperio-resumo-elenco-250x140.jpeg 250w, https:\/\/migracao.redenoticia.com.br\/noticia\/imagens\/novela-imperio-resumo-elenco-400x225.jpeg 400w, https:\/\/migracao.redenoticia.com.br\/noticia\/imagens\/novela-imperio-resumo-elenco-768x432.jpeg 768w, https:\/\/migracao.redenoticia.com.br\/noticia\/imagens\/novela-imperio-resumo-elenco-150x85.jpeg 150w\" sizes=\"auto, (max-width: 1280px) 100vw, 1280px\" \/><\/p>\n<p><em><strong>Resumo novela \u201cImp\u00e9rio\u201d<\/strong><\/em> em 22\/10: no cap\u00edtulo 167(*) da novela, Danielle liga para Bruna. Carmen presta depoimento. Carmen e Orville discutem. Lorraine sente ci\u00fames ao ver Ismael conversando com Kelly. Etevaldo e Leonardo conversam. Maria Marta e Jos\u00e9 Alfredo se enfrentam. Jos\u00e9 Alfredo convoca uma reuni\u00e3o de emerg\u00eancia com seus familiares. Elivaldo e Tuane conversam sobre Cora. Orville e Carmen fecham um acordo. Severo repreende Magn\u00f3lia.<\/p>\n<p>Ant\u00f4nio e Nan\u00e1 namoram. Xana vai ao Bar do Manoel. Orville se separa de Carmen e liga para J\u00fanior para contar a novidade. Maria Clara e Vicente discutem. Jos\u00e9 Alfredo e Cristina conversam sobre Maur\u00edlio. J\u00fanior vai para a casa de Salvador com Salvador e Juju. Orville liga para \u00c9rika. Silviano chega \u00e0 casa de T\u00e9o. Jos\u00e9 Alfredo enfrenta Maur\u00edlio.<\/p>\n<p>(*) edi\u00e7\u00e3o das novelas da Globo, \u201cImp\u00e9rio\u201d, sujeito a altera\u00e7\u00e3o de data e conte\u00fado.<\/p>\n<p>Sinopse Novela &#8220;Imp\u00e9rio&#8221;: hist\u00f3ria do pernambucano Jos\u00e9 Alfredo de Medeiros (Chay Suede\/Alexandre Nero), o homem de preto. Dono de uma rede de joalherias, o Comendador tem tr\u00eas filhos com a aristocrata falida Maria Marta Mendon\u00e7a e Albuquerque (Adriana Birolli\/Lilia Cabral): Jos\u00e9 Pedro (Caio Blat), Maria Clara (Andreia Horta) e Jo\u00e3o Lucas (Daniel Rocha). Os tr\u00eas disputam a heran\u00e7a da empresa constru\u00edda pelo pai.<\/p>\n","protected":false},"excerpt":{"rendered":"<p>Resumo novela \u201cImp\u00e9rio\u201d em 22\/10: no cap\u00edtulo 167(*) da novela, Danielle liga para Bruna. Carmen presta depoimento. Carmen e Orville discutem. Lorraine sente ci\u00fames ao ver Ismael conversando com Kelly. Etevaldo e Leonardo conversam. Maria Marta e Jos\u00e9 Alfredo se enfrentam. Jos\u00e9 Alfredo convoca uma reuni\u00e3o de emerg\u00eancia com seus familiares. Elivaldo e Tuane conversam [&hellip;]<\/p>\n","protected":false},"author":4,"featured_media":205061,"comment_status":"closed","ping_status":"closed","sticky":false,"template":"","format":"standard","meta":{"tdm_status":"","tdm_grid_status":"","footnotes":""},"categories":[2196,379,375,2025,343],"tags":[441],"class_list":{"0":"post-211731","1":"post","2":"type-post","3":"status-publish","4":"format-standard","5":"has-post-thumbnail","7":"category-imperio","8":"category-novelas","9":"category-rede-globo","10":"category-resumo","11":"category-televisao","12":"tag-resumo-do-dia"},"_links":{"self":[{"href":"https:\/\/migracao.redenoticia.com.br\/noticia\/wp-json\/wp\/v2\/posts\/211731","targetHints":{"allow":["GET"]}}],"collection":[{"href":"https:\/\/migracao.redenoticia.com.br\/noticia\/wp-json\/wp\/v2\/posts"}],"about":[{"href":"https:\/\/migracao.redenoticia.com.br\/noticia\/wp-json\/wp\/v2\/types\/post"}],"author":[{"embeddable":true,"href":"https:\/\/migracao.redenoticia.com.br\/noticia\/wp-json\/wp\/v2\/users\/4"}],"replies":[{"embeddable":true,"href":"https:\/\/migracao.redenoticia.com.br\/noticia\/wp-json\/wp\/v2\/comments?post=211731"}],"version-history":[{"count":0,"href":"https:\/\/migracao.redenoticia.com.br\/noticia\/wp-json\/wp\/v2\/posts\/211731\/revisions"}],"wp:featuredmedia":[{"embeddable":true,"href":"https:\/\/migracao.redenoticia.com.br\/noticia\/wp-json\/wp\/v2\/media\/205061"}],"wp:attachment":[{"href":"https:\/\/migracao.redenoticia.com.br\/noticia\/wp-json\/wp\/v2\/media?parent=211731"}],"wp:term":[{"taxonomy":"category","embeddable":true,"href":"https:\/\/migracao.redenoticia.com.br\/noticia\/wp-json\/wp\/v2\/categories?post=211731"},{"taxonomy":"post_tag","embeddable":true,"href":"https:\/\/migracao.redenoticia.com.br\/noticia\/wp-json\/wp\/v2\/tags?post=211731"}],"curies":[{"name":"wp","href":"https:\/\/api.w.org\/{rel}","templated":true}]}}