{"id":211762,"date":"2021-10-22T13:28:18","date_gmt":"2021-10-22T16:28:18","guid":{"rendered":"https:\/\/www.redenoticia.com.br\/noticia\/?p=211762"},"modified":"2021-10-22T13:28:18","modified_gmt":"2021-10-22T16:28:18","slug":"resumo-nos-tempos-do-imperador-23-10-zayla-descobre-que-samuel-e-acusado-de-matar-o-pai-de-tonico","status":"publish","type":"post","link":"https:\/\/migracao.redenoticia.com.br\/noticia\/2021\/resumo-nos-tempos-do-imperador-23-10-zayla-descobre-que-samuel-e-acusado-de-matar-o-pai-de-tonico\/211762","title":{"rendered":"Resumo \u201cNos Tempos do Imperador\u201d 23\/10: Zayla descobre que Samuel \u00e9 acusado de matar o pai de Tonico"},"content":{"rendered":"<p><img loading=\"lazy\" decoding=\"async\" src=\"https:\/\/migracao.redenoticia.com.br\/noticia\/imagens\/resumo-nos-tempos-do-imperador-personagens-resumo-novela-das-seis-novela-da-globo.jpg\" alt=\"\" width=\"1280\" height=\"720\" class=\"aligncenter size-full wp-image-195138\" srcset=\"https:\/\/migracao.redenoticia.com.br\/noticia\/imagens\/resumo-nos-tempos-do-imperador-personagens-resumo-novela-das-seis-novela-da-globo.jpg 1280w, https:\/\/migracao.redenoticia.com.br\/noticia\/imagens\/resumo-nos-tempos-do-imperador-personagens-resumo-novela-das-seis-novela-da-globo-250x140.jpg 250w, https:\/\/migracao.redenoticia.com.br\/noticia\/imagens\/resumo-nos-tempos-do-imperador-personagens-resumo-novela-das-seis-novela-da-globo-400x225.jpg 400w, https:\/\/migracao.redenoticia.com.br\/noticia\/imagens\/resumo-nos-tempos-do-imperador-personagens-resumo-novela-das-seis-novela-da-globo-768x432.jpg 768w, https:\/\/migracao.redenoticia.com.br\/noticia\/imagens\/resumo-nos-tempos-do-imperador-personagens-resumo-novela-das-seis-novela-da-globo-150x85.jpg 150w, https:\/\/migracao.redenoticia.com.br\/noticia\/imagens\/resumo-nos-tempos-do-imperador-personagens-resumo-novela-das-seis-novela-da-globo-696x392.jpg 696w, https:\/\/migracao.redenoticia.com.br\/noticia\/imagens\/resumo-nos-tempos-do-imperador-personagens-resumo-novela-das-seis-novela-da-globo-1068x601.jpg 1068w\" sizes=\"auto, (max-width: 1280px) 100vw, 1280px\" \/><\/p>\n<p><em><strong>Resumo da novela \u201cNos Tempos do Imperador\u201d<\/strong><\/em> em 23\/10: no cap\u00edtulo 066(*) da novela, Isabel questiona a declara\u00e7\u00e3o de Gast\u00e3o. Zayla termina o namoro com Guebo. Tonico desconfia das inten\u00e7\u00f5es de Zayla ao se aproximar de Dolores. Gast\u00e3o afirma a Lu\u00edsa que, se Isabel n\u00e3o o escolher, n\u00e3o se casar\u00e1 com Leopoldina.<\/p>\n<p>Bernardinho se desespera ao saber que o suposto navio em que Batista estava afundou. Batista pensa em deixar que Lota pense que est\u00e1 morto. Pedro planeja uma forma de continuar seu romance com Lu\u00edsa ap\u00f3s o casamento das princesas. Guebo alerta Samuel sobre Zayla. Zayla descobre que Samuel \u00e9 acusado de assassinar o pai de Tonico.<\/p>\n<p>(*) edi\u00e7\u00e3o das novelas da Globo, \u201cNos Tempos do Imperador\u201d, sujeito a altera\u00e7\u00e3o de data e conte\u00fado.<\/p>\n<p>Sinopse \u201cNos Tempos do Imperador\u201d: A jovem Pilar enfrenta, desde pequena, o peso de ser uma mulher do s\u00e9culo XIX e tenta convencer o pai Eudoro (Jos\u00e9 Dumont), fazendeiro e coronel da Bahia, a deix\u00e1-la estudar. No entanto, Eudoro promete casar sua filha com o grande vil\u00e3o da novela, Tonico (Alexandre Nero), futuro candidato a deputado pela Bahia. A possibilidade de um casamento sem amor faz com que Pilar decida fugir, pois seu maior sonho \u00e9 ser m\u00e9dica. Para tr\u00e1s, ela deixa sua irm\u00e3 Dolores (Julia Freitas\/Daphne Bozaski). Em paralelo, o escravo Jorge\/Samuel, um homem corajoso e honesto, que acredita na integra\u00e7\u00e3o entre negros e brancos, luta para se tornar livre, como a maioria dos negros que vive na mesma situa\u00e7\u00e3o. Diante da realidade da escravid\u00e3o, a \u00fanica op\u00e7\u00e3o \u00e9 fugir tamb\u00e9m, mas antes que planeje algo, o destino lhe obriga a escapar sem qualquer planejamento. Durante a fuga, Pilar cruza seu caminho. Um encontro que muda a vida dos dois para sempre. O casal vai lutar pelos seus sonhos, movido pela paix\u00e3o que nutre um pelo outro, mas tamb\u00e9m deseja fazer a diferen\u00e7a na vida das pessoas. Ela acredita que vai se formar em medicina e ele cr\u00ea que pode mudar a sociedade.<\/p>\n","protected":false},"excerpt":{"rendered":"<p>Resumo da novela \u201cNos Tempos do Imperador\u201d em 23\/10: no cap\u00edtulo 066(*) da novela, Isabel questiona a declara\u00e7\u00e3o de Gast\u00e3o. Zayla termina o namoro com Guebo. Tonico desconfia das inten\u00e7\u00f5es de Zayla ao se aproximar de Dolores. Gast\u00e3o afirma a Lu\u00edsa que, se Isabel n\u00e3o o escolher, n\u00e3o se casar\u00e1 com Leopoldina. Bernardinho se desespera [&hellip;]<\/p>\n","protected":false},"author":4,"featured_media":209098,"comment_status":"closed","ping_status":"closed","sticky":false,"template":"","format":"standard","meta":{"tdm_status":"","tdm_grid_status":"","footnotes":""},"categories":[2219,379,375,2025,343],"tags":[441],"class_list":{"0":"post-211762","1":"post","2":"type-post","3":"status-publish","4":"format-standard","5":"has-post-thumbnail","7":"category-nos-tempos-do-imperador","8":"category-novelas","9":"category-rede-globo","10":"category-resumo","11":"category-televisao","12":"tag-resumo-do-dia"},"_links":{"self":[{"href":"https:\/\/migracao.redenoticia.com.br\/noticia\/wp-json\/wp\/v2\/posts\/211762","targetHints":{"allow":["GET"]}}],"collection":[{"href":"https:\/\/migracao.redenoticia.com.br\/noticia\/wp-json\/wp\/v2\/posts"}],"about":[{"href":"https:\/\/migracao.redenoticia.com.br\/noticia\/wp-json\/wp\/v2\/types\/post"}],"author":[{"embeddable":true,"href":"https:\/\/migracao.redenoticia.com.br\/noticia\/wp-json\/wp\/v2\/users\/4"}],"replies":[{"embeddable":true,"href":"https:\/\/migracao.redenoticia.com.br\/noticia\/wp-json\/wp\/v2\/comments?post=211762"}],"version-history":[{"count":0,"href":"https:\/\/migracao.redenoticia.com.br\/noticia\/wp-json\/wp\/v2\/posts\/211762\/revisions"}],"wp:featuredmedia":[{"embeddable":true,"href":"https:\/\/migracao.redenoticia.com.br\/noticia\/wp-json\/wp\/v2\/media\/209098"}],"wp:attachment":[{"href":"https:\/\/migracao.redenoticia.com.br\/noticia\/wp-json\/wp\/v2\/media?parent=211762"}],"wp:term":[{"taxonomy":"category","embeddable":true,"href":"https:\/\/migracao.redenoticia.com.br\/noticia\/wp-json\/wp\/v2\/categories?post=211762"},{"taxonomy":"post_tag","embeddable":true,"href":"https:\/\/migracao.redenoticia.com.br\/noticia\/wp-json\/wp\/v2\/tags?post=211762"}],"curies":[{"name":"wp","href":"https:\/\/api.w.org\/{rel}","templated":true}]}}