{"id":211818,"date":"2021-10-24T17:45:10","date_gmt":"2021-10-24T20:45:10","guid":{"rendered":"https:\/\/www.redenoticia.com.br\/noticia\/?p=211818"},"modified":"2021-10-24T17:45:10","modified_gmt":"2021-10-24T20:45:10","slug":"resumo-imperio-25-10-cristina-ve-maurilio-apontar-arma-para-jose-alfredo","status":"publish","type":"post","link":"https:\/\/migracao.redenoticia.com.br\/noticia\/2021\/resumo-imperio-25-10-cristina-ve-maurilio-apontar-arma-para-jose-alfredo\/211818","title":{"rendered":"Resumo \u201cImp\u00e9rio\u201d 25\/10: Cristina v\u00ea Maur\u00edlio apontar arma para Jos\u00e9 Alfredo"},"content":{"rendered":"<p> <img loading=\"lazy\" decoding=\"async\" class=\"aligncenter size-full wp-image-205063\" src=\"https:\/\/migracao.redenoticia.com.br\/noticia\/imagens\/novela-imperio-resumo-elenco.jpeg\" alt=\"\" width=\"1280\" height=\"720\" srcset=\"https:\/\/migracao.redenoticia.com.br\/noticia\/imagens\/novela-imperio-resumo-elenco.jpeg 1280w, https:\/\/migracao.redenoticia.com.br\/noticia\/imagens\/novela-imperio-resumo-elenco-250x140.jpeg 250w, https:\/\/migracao.redenoticia.com.br\/noticia\/imagens\/novela-imperio-resumo-elenco-400x225.jpeg 400w, https:\/\/migracao.redenoticia.com.br\/noticia\/imagens\/novela-imperio-resumo-elenco-768x432.jpeg 768w, https:\/\/migracao.redenoticia.com.br\/noticia\/imagens\/novela-imperio-resumo-elenco-150x85.jpeg 150w\" sizes=\"auto, (max-width: 1280px) 100vw, 1280px\" \/><\/p>\n<p><em><strong>Resumo novela \u201cImp\u00e9rio\u201d<\/strong><\/em> em 25\/10: no cap\u00edtulo 169(*) da novela, Maur\u00edlio se prepara para surpreender Jos\u00e9 Alfredo. Maria Marta decide visitar Silviano. Xana ouve Ant\u00f4nio dizer para Nan\u00e1 que se atrasar\u00e1 para o encontro com a diretora da casa de acolhimento. Danielle discute com Jos\u00e9 Pedro. Maria Clara acerta com Cl\u00e1udio os preparativos para sua festa de casamento. T\u00e9o afirma a \u00c9rika que publicar\u00e1 todo o conte\u00fado da entrevista de Silviano.<\/p>\n<p>Elivaldo e Tuane criticam Cristina por aceitar ser a madrinha do casamento de Maria Clara. Xana finge ser Ant\u00f4nio para a diretora da casa de acolhimento. Severo confirma a Magn\u00f3lia que eles est\u00e3o falidos. Magn\u00f3lia n\u00e3o consegue pedir dinheiro para Maria \u00cdsis. Maur\u00edlio observa Jos\u00e9 Alfredo ao lado de um acompanhante misterioso. Cristina v\u00ea Maur\u00edlio apontando sua arma para Jos\u00e9 Alfredo.<\/p>\n<p>(*) edi\u00e7\u00e3o das novelas da Globo, \u201cImp\u00e9rio\u201d, sujeito a altera\u00e7\u00e3o de data e conte\u00fado.<\/p>\n<p>Sinopse Novela &#8220;Imp\u00e9rio&#8221;: hist\u00f3ria do pernambucano Jos\u00e9 Alfredo de Medeiros (Chay Suede\/Alexandre Nero), o homem de preto. Dono de uma rede de joalherias, o Comendador tem tr\u00eas filhos com a aristocrata falida Maria Marta Mendon\u00e7a e Albuquerque (Adriana Birolli\/Lilia Cabral): Jos\u00e9 Pedro (Caio Blat), Maria Clara (Andreia Horta) e Jo\u00e3o Lucas (Daniel Rocha). Os tr\u00eas disputam a heran\u00e7a da empresa constru\u00edda pelo pai. <\/p>\n","protected":false},"excerpt":{"rendered":"<p>Resumo novela \u201cImp\u00e9rio\u201d em 25\/10: no cap\u00edtulo 169(*) da novela, Maur\u00edlio se prepara para surpreender Jos\u00e9 Alfredo. Maria Marta decide visitar Silviano. Xana ouve Ant\u00f4nio dizer para Nan\u00e1 que se atrasar\u00e1 para o encontro com a diretora da casa de acolhimento. Danielle discute com Jos\u00e9 Pedro. Maria Clara acerta com Cl\u00e1udio os preparativos para sua [&hellip;]<\/p>\n","protected":false},"author":2,"featured_media":205061,"comment_status":"closed","ping_status":"closed","sticky":false,"template":"","format":"standard","meta":{"tdm_status":"","tdm_grid_status":"","footnotes":""},"categories":[2196,379,375,2025,343],"tags":[441],"class_list":{"0":"post-211818","1":"post","2":"type-post","3":"status-publish","4":"format-standard","5":"has-post-thumbnail","7":"category-imperio","8":"category-novelas","9":"category-rede-globo","10":"category-resumo","11":"category-televisao","12":"tag-resumo-do-dia"},"_links":{"self":[{"href":"https:\/\/migracao.redenoticia.com.br\/noticia\/wp-json\/wp\/v2\/posts\/211818","targetHints":{"allow":["GET"]}}],"collection":[{"href":"https:\/\/migracao.redenoticia.com.br\/noticia\/wp-json\/wp\/v2\/posts"}],"about":[{"href":"https:\/\/migracao.redenoticia.com.br\/noticia\/wp-json\/wp\/v2\/types\/post"}],"author":[{"embeddable":true,"href":"https:\/\/migracao.redenoticia.com.br\/noticia\/wp-json\/wp\/v2\/users\/2"}],"replies":[{"embeddable":true,"href":"https:\/\/migracao.redenoticia.com.br\/noticia\/wp-json\/wp\/v2\/comments?post=211818"}],"version-history":[{"count":0,"href":"https:\/\/migracao.redenoticia.com.br\/noticia\/wp-json\/wp\/v2\/posts\/211818\/revisions"}],"wp:featuredmedia":[{"embeddable":true,"href":"https:\/\/migracao.redenoticia.com.br\/noticia\/wp-json\/wp\/v2\/media\/205061"}],"wp:attachment":[{"href":"https:\/\/migracao.redenoticia.com.br\/noticia\/wp-json\/wp\/v2\/media?parent=211818"}],"wp:term":[{"taxonomy":"category","embeddable":true,"href":"https:\/\/migracao.redenoticia.com.br\/noticia\/wp-json\/wp\/v2\/categories?post=211818"},{"taxonomy":"post_tag","embeddable":true,"href":"https:\/\/migracao.redenoticia.com.br\/noticia\/wp-json\/wp\/v2\/tags?post=211818"}],"curies":[{"name":"wp","href":"https:\/\/api.w.org\/{rel}","templated":true}]}}