{"id":211819,"date":"2021-10-24T17:44:35","date_gmt":"2021-10-24T20:44:35","guid":{"rendered":"https:\/\/www.redenoticia.com.br\/noticia\/?p=211819"},"modified":"2021-10-24T17:44:35","modified_gmt":"2021-10-24T20:44:35","slug":"resumo-pega-pega-25-10-bebeth-e-hostil-com-eric","status":"publish","type":"post","link":"https:\/\/migracao.redenoticia.com.br\/noticia\/2021\/resumo-pega-pega-25-10-bebeth-e-hostil-com-eric\/211819","title":{"rendered":"Resumo &#8220;Pega Pega&#8221; 25\/10: Bebeth \u00e9 hostil com Eric"},"content":{"rendered":"<p> <img loading=\"lazy\" decoding=\"async\" class=\"aligncenter size-full wp-image-208391\" src=\"https:\/\/migracao.redenoticia.com.br\/noticia\/imagens\/pega-pega-resumo-novela-elenco-personagens.jpeg\" alt=\"\" width=\"1280\" height=\"720\" srcset=\"https:\/\/migracao.redenoticia.com.br\/noticia\/imagens\/pega-pega-resumo-novela-elenco-personagens.jpeg 1280w, https:\/\/migracao.redenoticia.com.br\/noticia\/imagens\/pega-pega-resumo-novela-elenco-personagens-250x140.jpeg 250w, https:\/\/migracao.redenoticia.com.br\/noticia\/imagens\/pega-pega-resumo-novela-elenco-personagens-400x225.jpeg 400w, https:\/\/migracao.redenoticia.com.br\/noticia\/imagens\/pega-pega-resumo-novela-elenco-personagens-768x432.jpeg 768w, https:\/\/migracao.redenoticia.com.br\/noticia\/imagens\/pega-pega-resumo-novela-elenco-personagens-150x85.jpeg 150w\" sizes=\"auto, (max-width: 1280px) 100vw, 1280px\" \/><\/p>\n<p><em><strong>Resumo novela &#8220;Pega Pega&#8221;<\/strong><\/em> em 25\/10: no cap\u00edtulo 085(*) da novela, Arlete diz a Pedrinho que acredita ter sofrido um atentado a mando de Atha\u00edde. J\u00falio e Sandra Helena se preocupam ao descobrir que Wanderley sabe do envolvimento de Malagueta no roubo. Pedrinho vai \u00e0 casa de Atha\u00edde e o acusa de ter tentado atropelar Arlete. Expedito convida Gilda para sair. S\u00e9rgio entrega a Luiza um dossi\u00ea com os movimentos feitos por Malagueta na empresa. Malagueta confessa a J\u00falio, Agnaldo e Sandra Helena que Tim\u00f3teo era seu pai.<\/p>\n<p>Louren\u00e7o diz a Luiza que eles precisam descobrir quem \u00e9 Jana\u00edna Aguiar, m\u00e3e de Malagueta. Madalena avisa a T\u00e2nia que Dom s\u00f3 a aceitar\u00e1 se ela mudar. Gabriel avisa a Douglas que tem reuni\u00e3o de pais na escola. Eric e Maria Pia observam Bebeth e Sabine chegando de viagem. Ant\u00f4nia e Dom\u00eanico se surpreendem quando Siqueira afirma que Tim\u00f3teo \u00e9 o quarto ladr\u00e3o do hotel.<\/p>\n<p>Sabine informa que Dom \u00e9 o novo presidente<\/p>\n<p>Bebeth \u00e9 hostil com Eric. Ant\u00f4nia questiona Siqueira, que decide dar por conclu\u00eddo o caso do roubo do Carioca Palace. Eric repreende Sabine por ter levado Bebeth a Genebra sem consult\u00e1-lo. Sabine avisa a Eric que ficar\u00e1 ao lado de Bebeth. Dom pede a Sabine um tempo para pensar se assumir\u00e1 a presid\u00eancia da empresa.<\/p>\n<p>Ant\u00f4nia avisa a Arlete que o julgamento de J\u00falio acontecer\u00e1 em breve. Sabine informa \u00e0 diretoria da empresa que Dom \u00e9 o novo presidente. Malagueta cobra de Sabine um cargo na diretoria. Ant\u00f4nia avisa a Luiza que o inqu\u00e9rito do roubo do hotel foi conclu\u00eddo.<\/p>\n<p>(*) edi\u00e7\u00e3o das novelas da Globo, &#8220;Pega Pega&#8221;, sujeito a altera\u00e7\u00e3o de data e conte\u00fado.<\/p>\n<p>Sinopse &#8220;Pega Pega&#8221;: a trama central \u00e9 o roubo ao Hotel Carioca Palace e seus desdobramentos na vida de cada um dos envolvidos, sejam eles h\u00f3spedes, suspeitos ou convidados do grande baile de gala. Neta do dono do Hotel, Lu\u00edza (Camila Queiroz), que vive por l\u00e1 desde crian\u00e7a, v\u00ea sua festa de 25 anos se transformar em uma grande investiga\u00e7\u00e3o policial.<\/p>\n<p>O roubo de 40 milh\u00f5es de d\u00f3lares do cofre, fruto da venda de Pedrinho Guimar\u00e3es (Marcos Caruso), sem consentimento da herdeira, do Carioca Palace para Eric Ribeiro (Mateus Solano), \u00e9 arquitetado por quatro funcion\u00e1rios: o concierge Malagueta (Marcelo Serrado), o gar\u00e7om J\u00falio (Thiago Martins), o recepcionista Agnaldo (Jo\u00e3o Baldasserini) e a camareira Sandra Helena (Nanda Costa). A princ\u00edpio eles hesitam, mas depois, diante de situa\u00e7\u00f5es limite na vida de cada um, topam participar do roubo.<\/p>\n","protected":false},"excerpt":{"rendered":"<p>Resumo novela &#8220;Pega Pega&#8221; em 25\/10: no cap\u00edtulo 085(*) da novela, Arlete diz a Pedrinho que acredita ter sofrido um atentado a mando de Atha\u00edde. J\u00falio e Sandra Helena se preocupam ao descobrir que Wanderley sabe do envolvimento de Malagueta no roubo. Pedrinho vai \u00e0 casa de Atha\u00edde e o acusa de ter tentado atropelar [&hellip;]<\/p>\n","protected":false},"author":2,"featured_media":208390,"comment_status":"closed","ping_status":"closed","sticky":false,"template":"","format":"standard","meta":{"tdm_status":"","tdm_grid_status":"","footnotes":""},"categories":[379,2217,375,2025,343],"tags":[441],"class_list":{"0":"post-211819","1":"post","2":"type-post","3":"status-publish","4":"format-standard","5":"has-post-thumbnail","7":"category-novelas","8":"category-pega-pega","9":"category-rede-globo","10":"category-resumo","11":"category-televisao","12":"tag-resumo-do-dia"},"_links":{"self":[{"href":"https:\/\/migracao.redenoticia.com.br\/noticia\/wp-json\/wp\/v2\/posts\/211819","targetHints":{"allow":["GET"]}}],"collection":[{"href":"https:\/\/migracao.redenoticia.com.br\/noticia\/wp-json\/wp\/v2\/posts"}],"about":[{"href":"https:\/\/migracao.redenoticia.com.br\/noticia\/wp-json\/wp\/v2\/types\/post"}],"author":[{"embeddable":true,"href":"https:\/\/migracao.redenoticia.com.br\/noticia\/wp-json\/wp\/v2\/users\/2"}],"replies":[{"embeddable":true,"href":"https:\/\/migracao.redenoticia.com.br\/noticia\/wp-json\/wp\/v2\/comments?post=211819"}],"version-history":[{"count":0,"href":"https:\/\/migracao.redenoticia.com.br\/noticia\/wp-json\/wp\/v2\/posts\/211819\/revisions"}],"wp:featuredmedia":[{"embeddable":true,"href":"https:\/\/migracao.redenoticia.com.br\/noticia\/wp-json\/wp\/v2\/media\/208390"}],"wp:attachment":[{"href":"https:\/\/migracao.redenoticia.com.br\/noticia\/wp-json\/wp\/v2\/media?parent=211819"}],"wp:term":[{"taxonomy":"category","embeddable":true,"href":"https:\/\/migracao.redenoticia.com.br\/noticia\/wp-json\/wp\/v2\/categories?post=211819"},{"taxonomy":"post_tag","embeddable":true,"href":"https:\/\/migracao.redenoticia.com.br\/noticia\/wp-json\/wp\/v2\/tags?post=211819"}],"curies":[{"name":"wp","href":"https:\/\/api.w.org\/{rel}","templated":true}]}}