{"id":211854,"date":"2021-10-25T15:46:42","date_gmt":"2021-10-25T18:46:42","guid":{"rendered":"https:\/\/www.redenoticia.com.br\/noticia\/?p=211854"},"modified":"2021-10-25T15:46:42","modified_gmt":"2021-10-25T18:46:42","slug":"resumo-imperio-26-10-silviano-fala-com-maurilio-na-delegacia","status":"publish","type":"post","link":"https:\/\/migracao.redenoticia.com.br\/noticia\/2021\/resumo-imperio-26-10-silviano-fala-com-maurilio-na-delegacia\/211854","title":{"rendered":"Resumo \u201cImp\u00e9rio\u201d 26\/10: Silviano fala com Maur\u00edlio na delegacia"},"content":{"rendered":"<p><img loading=\"lazy\" decoding=\"async\" class=\"aligncenter size-full wp-image-205063\" src=\"https:\/\/migracao.redenoticia.com.br\/noticia\/imagens\/novela-imperio-resumo-elenco.jpeg\" alt=\"\" width=\"1280\" height=\"720\" srcset=\"https:\/\/migracao.redenoticia.com.br\/noticia\/imagens\/novela-imperio-resumo-elenco.jpeg 1280w, https:\/\/migracao.redenoticia.com.br\/noticia\/imagens\/novela-imperio-resumo-elenco-250x140.jpeg 250w, https:\/\/migracao.redenoticia.com.br\/noticia\/imagens\/novela-imperio-resumo-elenco-400x225.jpeg 400w, https:\/\/migracao.redenoticia.com.br\/noticia\/imagens\/novela-imperio-resumo-elenco-768x432.jpeg 768w, https:\/\/migracao.redenoticia.com.br\/noticia\/imagens\/novela-imperio-resumo-elenco-150x85.jpeg 150w\" sizes=\"auto, (max-width: 1280px) 100vw, 1280px\" \/><\/p>\n<p><em><strong>Resumo novela \u201cImp\u00e9rio\u201d<\/strong><\/em> em 26\/10: no cap\u00edtulo 170(*) da novela, Maur\u00edlio acusa Marc\u00e3o de ser seu c\u00famplice. Jos\u00e9 Alfredo orienta Maria Marta a dar continuidade a seu plano. Danielle tenta abrir o cofre de Maur\u00edlio. Pereira avisa ao delegado Tadeu que Marc\u00e3o \u00e9 c\u00famplice de Maur\u00edlio. Maria Marta procura Bruna. Marc\u00e3o \u00e9 preso. Bruna ajuda Jos\u00e9 Alfredo a abrir o cofre de Maur\u00edlio. T\u00e9o pensa em publicar a entrevista de \u00c9rika sobre Salvador. Salvador comemora a venda de seus quadros. Carmem entrega a Jonas o cheque de Orville.<\/p>\n<p>Maur\u00edlio revela para Danielle a senha de seu cofre. Jos\u00e9 Alfredo abre o cofre de Maur\u00edlio. Etevaldo diz a Xana que M\u00edriam que ver seu casamento com Nan\u00e1. Ant\u00f4nio se aconselha com Vicente. Jos\u00e9 Alfredo avisa a Maria Marta que Maria \u00cdsis dormir\u00e1 com ele na mans\u00e3o. Silviano procura Merival. Cristina conta para Elivaldo que Marc\u00e3o era informante de Maur\u00edlio. Carmem ateia fogo \u00e0 loja de Jonas, mas acaba presa entre as chamas. Silviano fala com Maur\u00edlio na delegacia.<\/p>\n<p>(*) edi\u00e7\u00e3o das novelas da Globo, \u201cImp\u00e9rio\u201d, sujeito a altera\u00e7\u00e3o de data e conte\u00fado.<\/p>\n<p>Sinopse Novela &#8220;Imp\u00e9rio&#8221;: hist\u00f3ria do pernambucano Jos\u00e9 Alfredo de Medeiros (Chay Suede\/Alexandre Nero), o homem de preto. Dono de uma rede de joalherias, o Comendador tem tr\u00eas filhos com a aristocrata falida Maria Marta Mendon\u00e7a e Albuquerque (Adriana Birolli\/Lilia Cabral): Jos\u00e9 Pedro (Caio Blat), Maria Clara (Andreia Horta) e Jo\u00e3o Lucas (Daniel Rocha). Os tr\u00eas disputam a heran\u00e7a da empresa constru\u00edda pelo pai.<\/p>\n","protected":false},"excerpt":{"rendered":"<p>Resumo novela \u201cImp\u00e9rio\u201d em 26\/10: no cap\u00edtulo 170(*) da novela, Maur\u00edlio acusa Marc\u00e3o de ser seu c\u00famplice. Jos\u00e9 Alfredo orienta Maria Marta a dar continuidade a seu plano. Danielle tenta abrir o cofre de Maur\u00edlio. Pereira avisa ao delegado Tadeu que Marc\u00e3o \u00e9 c\u00famplice de Maur\u00edlio. Maria Marta procura Bruna. Marc\u00e3o \u00e9 preso. Bruna ajuda [&hellip;]<\/p>\n","protected":false},"author":4,"featured_media":205061,"comment_status":"closed","ping_status":"closed","sticky":false,"template":"","format":"standard","meta":{"tdm_status":"","tdm_grid_status":"","footnotes":""},"categories":[2196,379,375,2025,343],"tags":[441],"class_list":{"0":"post-211854","1":"post","2":"type-post","3":"status-publish","4":"format-standard","5":"has-post-thumbnail","7":"category-imperio","8":"category-novelas","9":"category-rede-globo","10":"category-resumo","11":"category-televisao","12":"tag-resumo-do-dia"},"_links":{"self":[{"href":"https:\/\/migracao.redenoticia.com.br\/noticia\/wp-json\/wp\/v2\/posts\/211854","targetHints":{"allow":["GET"]}}],"collection":[{"href":"https:\/\/migracao.redenoticia.com.br\/noticia\/wp-json\/wp\/v2\/posts"}],"about":[{"href":"https:\/\/migracao.redenoticia.com.br\/noticia\/wp-json\/wp\/v2\/types\/post"}],"author":[{"embeddable":true,"href":"https:\/\/migracao.redenoticia.com.br\/noticia\/wp-json\/wp\/v2\/users\/4"}],"replies":[{"embeddable":true,"href":"https:\/\/migracao.redenoticia.com.br\/noticia\/wp-json\/wp\/v2\/comments?post=211854"}],"version-history":[{"count":0,"href":"https:\/\/migracao.redenoticia.com.br\/noticia\/wp-json\/wp\/v2\/posts\/211854\/revisions"}],"wp:featuredmedia":[{"embeddable":true,"href":"https:\/\/migracao.redenoticia.com.br\/noticia\/wp-json\/wp\/v2\/media\/205061"}],"wp:attachment":[{"href":"https:\/\/migracao.redenoticia.com.br\/noticia\/wp-json\/wp\/v2\/media?parent=211854"}],"wp:term":[{"taxonomy":"category","embeddable":true,"href":"https:\/\/migracao.redenoticia.com.br\/noticia\/wp-json\/wp\/v2\/categories?post=211854"},{"taxonomy":"post_tag","embeddable":true,"href":"https:\/\/migracao.redenoticia.com.br\/noticia\/wp-json\/wp\/v2\/tags?post=211854"}],"curies":[{"name":"wp","href":"https:\/\/api.w.org\/{rel}","templated":true}]}}