{"id":211884,"date":"2021-10-26T15:54:35","date_gmt":"2021-10-26T18:54:35","guid":{"rendered":"https:\/\/www.redenoticia.com.br\/noticia\/?p=211884"},"modified":"2021-10-26T15:54:35","modified_gmt":"2021-10-26T18:54:35","slug":"resumo-imperio-27-10-lorraine-ve-jose-pedro-deixar-o-predio-de-silviano","status":"publish","type":"post","link":"https:\/\/migracao.redenoticia.com.br\/noticia\/2021\/resumo-imperio-27-10-lorraine-ve-jose-pedro-deixar-o-predio-de-silviano\/211884","title":{"rendered":"Resumo \u201cImp\u00e9rio\u201d 27\/10: Lorraine v\u00ea Jos\u00e9 Pedro deixar o pr\u00e9dio de Silviano"},"content":{"rendered":"<p> <img loading=\"lazy\" decoding=\"async\" class=\"aligncenter size-full wp-image-205063\" src=\"https:\/\/migracao.redenoticia.com.br\/noticia\/imagens\/novela-imperio-resumo-elenco.jpeg\" alt=\"\" width=\"1280\" height=\"720\" srcset=\"https:\/\/migracao.redenoticia.com.br\/noticia\/imagens\/novela-imperio-resumo-elenco.jpeg 1280w, https:\/\/migracao.redenoticia.com.br\/noticia\/imagens\/novela-imperio-resumo-elenco-250x140.jpeg 250w, https:\/\/migracao.redenoticia.com.br\/noticia\/imagens\/novela-imperio-resumo-elenco-400x225.jpeg 400w, https:\/\/migracao.redenoticia.com.br\/noticia\/imagens\/novela-imperio-resumo-elenco-768x432.jpeg 768w, https:\/\/migracao.redenoticia.com.br\/noticia\/imagens\/novela-imperio-resumo-elenco-150x85.jpeg 150w\" sizes=\"auto, (max-width: 1280px) 100vw, 1280px\" \/><\/p>\n<p><em><strong>Resumo novela \u201cImp\u00e9rio\u201d<\/strong><\/em> em 27\/10: no cap\u00edtulo 171(*) da novela, Silviano pensa em pedir para Merival libertar Marc\u00e3o. Carmem tenta falar com Orville. Danielle vai para a delegacia e Bruna conta para Maria Marta. Merival pergunta se Silviano \u00e9 Fabr\u00edcio Melga\u00e7o. Danielle avisa a Maur\u00edlio que seu cofre estava vazio. Maria \u00cdsis se recusa a aceitar a decis\u00e3o de Jos\u00e9 Alfredo. Maria Marta decide ir para Petr\u00f3polis. Magn\u00f3lia e Severo esperam Noely chegar em casa.<\/p>\n<p>Enrico pede para cozinhar com Vicente. Orville ouve o recado de Carmem e se desespera. Jos\u00e9 Alfredo pensa na pris\u00e3o de Maur\u00edlio. Marc\u00e3o decide contar o que fez a mando de Maur\u00edlio. Xana \u00e9 ir\u00f4nico com Maria Clara. Ismael manda Lorraine devolver o presente que ganhou de Silviano. Orville constata a morte de Carmem e Helena acalma Salvador. Lorraine v\u00ea Jos\u00e9 Pedro deixar o pr\u00e9dio de Silviano.<\/p>\n<p>(*) edi\u00e7\u00e3o das novelas da Globo, \u201cImp\u00e9rio\u201d, sujeito a altera\u00e7\u00e3o de data e conte\u00fado.<\/p>\n<p>Sinopse Novela &#8220;Imp\u00e9rio&#8221;: hist\u00f3ria do pernambucano Jos\u00e9 Alfredo de Medeiros (Chay Suede\/Alexandre Nero), o homem de preto. Dono de uma rede de joalherias, o Comendador tem tr\u00eas filhos com a aristocrata falida Maria Marta Mendon\u00e7a e Albuquerque (Adriana Birolli\/Lilia Cabral): Jos\u00e9 Pedro (Caio Blat), Maria Clara (Andreia Horta) e Jo\u00e3o Lucas (Daniel Rocha). Os tr\u00eas disputam a heran\u00e7a da empresa constru\u00edda pelo pai. <\/p>\n","protected":false},"excerpt":{"rendered":"<p>Resumo novela \u201cImp\u00e9rio\u201d em 27\/10: no cap\u00edtulo 171(*) da novela, Silviano pensa em pedir para Merival libertar Marc\u00e3o. Carmem tenta falar com Orville. Danielle vai para a delegacia e Bruna conta para Maria Marta. Merival pergunta se Silviano \u00e9 Fabr\u00edcio Melga\u00e7o. Danielle avisa a Maur\u00edlio que seu cofre estava vazio. Maria \u00cdsis se recusa a [&hellip;]<\/p>\n","protected":false},"author":2,"featured_media":205061,"comment_status":"closed","ping_status":"closed","sticky":false,"template":"","format":"standard","meta":{"tdm_status":"","tdm_grid_status":"","footnotes":""},"categories":[2196,379,375,2025,343],"tags":[441],"class_list":{"0":"post-211884","1":"post","2":"type-post","3":"status-publish","4":"format-standard","5":"has-post-thumbnail","7":"category-imperio","8":"category-novelas","9":"category-rede-globo","10":"category-resumo","11":"category-televisao","12":"tag-resumo-do-dia"},"_links":{"self":[{"href":"https:\/\/migracao.redenoticia.com.br\/noticia\/wp-json\/wp\/v2\/posts\/211884","targetHints":{"allow":["GET"]}}],"collection":[{"href":"https:\/\/migracao.redenoticia.com.br\/noticia\/wp-json\/wp\/v2\/posts"}],"about":[{"href":"https:\/\/migracao.redenoticia.com.br\/noticia\/wp-json\/wp\/v2\/types\/post"}],"author":[{"embeddable":true,"href":"https:\/\/migracao.redenoticia.com.br\/noticia\/wp-json\/wp\/v2\/users\/2"}],"replies":[{"embeddable":true,"href":"https:\/\/migracao.redenoticia.com.br\/noticia\/wp-json\/wp\/v2\/comments?post=211884"}],"version-history":[{"count":0,"href":"https:\/\/migracao.redenoticia.com.br\/noticia\/wp-json\/wp\/v2\/posts\/211884\/revisions"}],"wp:featuredmedia":[{"embeddable":true,"href":"https:\/\/migracao.redenoticia.com.br\/noticia\/wp-json\/wp\/v2\/media\/205061"}],"wp:attachment":[{"href":"https:\/\/migracao.redenoticia.com.br\/noticia\/wp-json\/wp\/v2\/media?parent=211884"}],"wp:term":[{"taxonomy":"category","embeddable":true,"href":"https:\/\/migracao.redenoticia.com.br\/noticia\/wp-json\/wp\/v2\/categories?post=211884"},{"taxonomy":"post_tag","embeddable":true,"href":"https:\/\/migracao.redenoticia.com.br\/noticia\/wp-json\/wp\/v2\/tags?post=211884"}],"curies":[{"name":"wp","href":"https:\/\/api.w.org\/{rel}","templated":true}]}}