{"id":211899,"date":"2021-10-26T15:52:15","date_gmt":"2021-10-26T18:52:15","guid":{"rendered":"https:\/\/www.redenoticia.com.br\/noticia\/?p=211899"},"modified":"2021-10-26T15:52:15","modified_gmt":"2021-10-26T18:52:15","slug":"resumo-te-dou-a-vida-27-10-pedro-descobre-que-gina-esta-gravida","status":"publish","type":"post","link":"https:\/\/migracao.redenoticia.com.br\/noticia\/2021\/resumo-te-dou-a-vida-27-10-pedro-descobre-que-gina-esta-gravida\/211899","title":{"rendered":"Resumo &#8220;Te dou a vida&#8221; 27\/10: Pedro descobre que Gina est\u00e1 gr\u00e1vida"},"content":{"rendered":"<p> <img loading=\"lazy\" decoding=\"async\" class=\"aligncenter size-full wp-image-210432\" src=\"https:\/\/migracao.redenoticia.com.br\/noticia\/imagens\/te-dou-a-vida-elenco-personagem-novela-resumo.jpeg\" alt=\"\" width=\"1280\" height=\"720\" srcset=\"https:\/\/migracao.redenoticia.com.br\/noticia\/imagens\/te-dou-a-vida-elenco-personagem-novela-resumo.jpeg 1280w, https:\/\/migracao.redenoticia.com.br\/noticia\/imagens\/te-dou-a-vida-elenco-personagem-novela-resumo-250x140.jpeg 250w, https:\/\/migracao.redenoticia.com.br\/noticia\/imagens\/te-dou-a-vida-elenco-personagem-novela-resumo-400x225.jpeg 400w, https:\/\/migracao.redenoticia.com.br\/noticia\/imagens\/te-dou-a-vida-elenco-personagem-novela-resumo-768x432.jpeg 768w, https:\/\/migracao.redenoticia.com.br\/noticia\/imagens\/te-dou-a-vida-elenco-personagem-novela-resumo-150x85.jpeg 150w\" sizes=\"auto, (max-width: 1280px) 100vw, 1280px\" \/><\/p>\n<p><strong><em>Resumo da novela &#8220;Te dou a vida&#8221;<\/em><\/strong> em 27\/10: no cap\u00edtulo 028(*) da novela, Pedro chega em casa e fica sabendo da not\u00edcia da gravidez da ex-namorada, ent\u00e3o tenta ligar para ela, mas ela, tentando manipular, n\u00e3o quer falar com ele.<\/p>\n<p>Nelson decide falar com a filha e ela finge que vai concordar em falar com Pedro porque a sua inten\u00e7\u00e3o n\u00e3o \u00e9 ret\u00ea-lo ou pelo menos \u00e9 isso que ela quer acreditar.<\/p>\n<p>Ernesto chega \u00e0 Cidade do M\u00e9xico de surpresa e tem uma forte discuss\u00e3o com sua esposa depois que ela conta como est\u00e1 decepcionada com ele ao ver que ele \u00e9 capaz de usar as pessoas em seu benef\u00edcio.<\/p>\n<p>(*) edi\u00e7\u00e3o das novelas do SBT, &#8220;Te dou a vida&#8221;, sujeito a altera\u00e7\u00e3o de data e conte\u00fado.<\/p>\n<p>Sinopse &#8220;Te dou a vida&#8221;: Nicol\u00e1s (Leonardo Herrera) \u00e9 um garoto de apenas seis anos de idade que padece de leucemia, e necessita de um transplante de medula. Elena (Eva Cede\u00f1o) e Ernesto (Jorge Salinas) s\u00e3o um casal e pais adotivos do menino. Diante da situa\u00e7\u00e3o, o casal decide ir atr\u00e1s do pai biol\u00f3gico da crian\u00e7a, Pedro (Jos\u00e9 Ron). Ele ficar\u00e1 comovido ao conhecer o filho e se aproximar\u00e1 dele e da m\u00e3e adotiva de uma forma muito especial.<\/p>\n","protected":false},"excerpt":{"rendered":"<p>Resumo da novela &#8220;Te dou a vida&#8221; em 27\/10: no cap\u00edtulo 028(*) da novela, Pedro chega em casa e fica sabendo da not\u00edcia da gravidez da ex-namorada, ent\u00e3o tenta ligar para ela, mas ela, tentando manipular, n\u00e3o quer falar com ele. Nelson decide falar com a filha e ela finge que vai concordar em falar [&hellip;]<\/p>\n","protected":false},"author":2,"featured_media":210433,"comment_status":"closed","ping_status":"closed","sticky":false,"template":"","format":"standard","meta":{"tdm_status":"","tdm_grid_status":"","footnotes":""},"categories":[379,2025,372,2220,343],"tags":[441],"class_list":{"0":"post-211899","1":"post","2":"type-post","3":"status-publish","4":"format-standard","5":"has-post-thumbnail","7":"category-novelas","8":"category-resumo","9":"category-sbt","10":"category-te-dou-a-vida","11":"category-televisao","12":"tag-resumo-do-dia"},"_links":{"self":[{"href":"https:\/\/migracao.redenoticia.com.br\/noticia\/wp-json\/wp\/v2\/posts\/211899","targetHints":{"allow":["GET"]}}],"collection":[{"href":"https:\/\/migracao.redenoticia.com.br\/noticia\/wp-json\/wp\/v2\/posts"}],"about":[{"href":"https:\/\/migracao.redenoticia.com.br\/noticia\/wp-json\/wp\/v2\/types\/post"}],"author":[{"embeddable":true,"href":"https:\/\/migracao.redenoticia.com.br\/noticia\/wp-json\/wp\/v2\/users\/2"}],"replies":[{"embeddable":true,"href":"https:\/\/migracao.redenoticia.com.br\/noticia\/wp-json\/wp\/v2\/comments?post=211899"}],"version-history":[{"count":0,"href":"https:\/\/migracao.redenoticia.com.br\/noticia\/wp-json\/wp\/v2\/posts\/211899\/revisions"}],"wp:featuredmedia":[{"embeddable":true,"href":"https:\/\/migracao.redenoticia.com.br\/noticia\/wp-json\/wp\/v2\/media\/210433"}],"wp:attachment":[{"href":"https:\/\/migracao.redenoticia.com.br\/noticia\/wp-json\/wp\/v2\/media?parent=211899"}],"wp:term":[{"taxonomy":"category","embeddable":true,"href":"https:\/\/migracao.redenoticia.com.br\/noticia\/wp-json\/wp\/v2\/categories?post=211899"},{"taxonomy":"post_tag","embeddable":true,"href":"https:\/\/migracao.redenoticia.com.br\/noticia\/wp-json\/wp\/v2\/tags?post=211899"}],"curies":[{"name":"wp","href":"https:\/\/api.w.org\/{rel}","templated":true}]}}