{"id":211946,"date":"2021-10-27T12:12:58","date_gmt":"2021-10-27T15:12:58","guid":{"rendered":"https:\/\/www.redenoticia.com.br\/noticia\/?p=211946"},"modified":"2021-10-27T12:12:58","modified_gmt":"2021-10-27T15:12:58","slug":"resumo-te-dou-a-vida-28-10-pedro-confessa-a-helena-que-a-ama-e-os-dois-se-beijam","status":"publish","type":"post","link":"https:\/\/migracao.redenoticia.com.br\/noticia\/2021\/resumo-te-dou-a-vida-28-10-pedro-confessa-a-helena-que-a-ama-e-os-dois-se-beijam\/211946","title":{"rendered":"Resumo &#8220;Te dou a vida&#8221; 28\/10: Pedro confessa a Helena que a ama e os dois se beijam"},"content":{"rendered":"<p><img loading=\"lazy\" decoding=\"async\" class=\"aligncenter size-full wp-image-210432\" src=\"https:\/\/migracao.redenoticia.com.br\/noticia\/imagens\/te-dou-a-vida-elenco-personagem-novela-resumo.jpeg\" alt=\"\" width=\"1280\" height=\"720\" srcset=\"https:\/\/migracao.redenoticia.com.br\/noticia\/imagens\/te-dou-a-vida-elenco-personagem-novela-resumo.jpeg 1280w, https:\/\/migracao.redenoticia.com.br\/noticia\/imagens\/te-dou-a-vida-elenco-personagem-novela-resumo-250x140.jpeg 250w, https:\/\/migracao.redenoticia.com.br\/noticia\/imagens\/te-dou-a-vida-elenco-personagem-novela-resumo-400x225.jpeg 400w, https:\/\/migracao.redenoticia.com.br\/noticia\/imagens\/te-dou-a-vida-elenco-personagem-novela-resumo-768x432.jpeg 768w, https:\/\/migracao.redenoticia.com.br\/noticia\/imagens\/te-dou-a-vida-elenco-personagem-novela-resumo-150x85.jpeg 150w\" sizes=\"auto, (max-width: 1280px) 100vw, 1280px\" \/><\/p>\n<p><strong><em>Resumo da novela &#8220;Te dou a vida&#8221;<\/em><\/strong> em 28\/10: no cap\u00edtulo 029(*) da novela, Pedro fica muito chateado com Gina ao ver que ela quer manipul\u00e1-lo para que se case, enquanto isso, Ernesto e Elena brigam cada vez mais e ele far\u00e1 todo o poss\u00edvel para que sua esposa n\u00e3o se separe. Domingo reconsidera a oferta de Nelson e decide procurar seu amigo na oficina para confirmar que est\u00e1 trabalhando com ele novamente.<\/p>\n<p>Domingo volta a trabalhar na oficina de Nelson. Anselmo comunica a Pedro e aos demais funcion\u00e1rios que devem procurar outro emprego at\u00e9 que ele resolva o problema da oficina. Gina decide ir \u00e0 casa de Elena para pedir que ela n\u00e3o mexa mais com Pedro porque est\u00e1 esperando um filho dele, al\u00e9m de propor a Ernesto uma uni\u00e3o para separ\u00e1-los.<\/p>\n<p>Ernesto leva N\u00edcolas para passear e Helena se nega a acompanh\u00e1-los. Helena conta a Irene que quer se divorciar e ela promete ajud\u00e1-la. Hor\u00e1cio e Ernesto discutem por causa de Pedro e Helena.<\/p>\n<p>Pedro decide procurar Elena para declarar seu amor por ela novamente, mas n\u00e3o sem antes assegurar-lhe que responder\u00e1 pelo filho que Gina est\u00e1 esperando, pelo qual decidem passear juntos. Pedro confessa a Helena que a ama e os dois se beijam.<\/p>\n<p>(*) edi\u00e7\u00e3o das novelas do SBT, &#8220;Te dou a vida&#8221;, sujeito a altera\u00e7\u00e3o de data e conte\u00fado.<\/p>\n<p>Sinopse &#8220;Te dou a vida&#8221;: Nicol\u00e1s (Leonardo Herrera) \u00e9 um garoto de apenas seis anos de idade que padece de leucemia, e necessita de um transplante de medula. Elena (Eva Cede\u00f1o) e Ernesto (Jorge Salinas) s\u00e3o um casal e pais adotivos do menino. Diante da situa\u00e7\u00e3o, o casal decide ir atr\u00e1s do pai biol\u00f3gico da crian\u00e7a, Pedro (Jos\u00e9 Ron). Ele ficar\u00e1 comovido ao conhecer o filho e se aproximar\u00e1 dele e da m\u00e3e adotiva de uma forma muito especial.<\/p>\n","protected":false},"excerpt":{"rendered":"<p>Resumo da novela &#8220;Te dou a vida&#8221; em 28\/10: no cap\u00edtulo 029(*) da novela, Pedro fica muito chateado com Gina ao ver que ela quer manipul\u00e1-lo para que se case, enquanto isso, Ernesto e Elena brigam cada vez mais e ele far\u00e1 todo o poss\u00edvel para que sua esposa n\u00e3o se separe. Domingo reconsidera a [&hellip;]<\/p>\n","protected":false},"author":4,"featured_media":210433,"comment_status":"closed","ping_status":"closed","sticky":false,"template":"","format":"standard","meta":{"tdm_status":"","tdm_grid_status":"","footnotes":""},"categories":[379,2025,372,2220,343],"tags":[441],"class_list":{"0":"post-211946","1":"post","2":"type-post","3":"status-publish","4":"format-standard","5":"has-post-thumbnail","7":"category-novelas","8":"category-resumo","9":"category-sbt","10":"category-te-dou-a-vida","11":"category-televisao","12":"tag-resumo-do-dia"},"_links":{"self":[{"href":"https:\/\/migracao.redenoticia.com.br\/noticia\/wp-json\/wp\/v2\/posts\/211946","targetHints":{"allow":["GET"]}}],"collection":[{"href":"https:\/\/migracao.redenoticia.com.br\/noticia\/wp-json\/wp\/v2\/posts"}],"about":[{"href":"https:\/\/migracao.redenoticia.com.br\/noticia\/wp-json\/wp\/v2\/types\/post"}],"author":[{"embeddable":true,"href":"https:\/\/migracao.redenoticia.com.br\/noticia\/wp-json\/wp\/v2\/users\/4"}],"replies":[{"embeddable":true,"href":"https:\/\/migracao.redenoticia.com.br\/noticia\/wp-json\/wp\/v2\/comments?post=211946"}],"version-history":[{"count":0,"href":"https:\/\/migracao.redenoticia.com.br\/noticia\/wp-json\/wp\/v2\/posts\/211946\/revisions"}],"wp:featuredmedia":[{"embeddable":true,"href":"https:\/\/migracao.redenoticia.com.br\/noticia\/wp-json\/wp\/v2\/media\/210433"}],"wp:attachment":[{"href":"https:\/\/migracao.redenoticia.com.br\/noticia\/wp-json\/wp\/v2\/media?parent=211946"}],"wp:term":[{"taxonomy":"category","embeddable":true,"href":"https:\/\/migracao.redenoticia.com.br\/noticia\/wp-json\/wp\/v2\/categories?post=211946"},{"taxonomy":"post_tag","embeddable":true,"href":"https:\/\/migracao.redenoticia.com.br\/noticia\/wp-json\/wp\/v2\/tags?post=211946"}],"curies":[{"name":"wp","href":"https:\/\/api.w.org\/{rel}","templated":true}]}}