{"id":212084,"date":"2021-10-30T18:50:22","date_gmt":"2021-10-30T21:50:22","guid":{"rendered":"https:\/\/www.redenoticia.com.br\/noticia\/?p=212084"},"modified":"2021-10-30T18:50:22","modified_gmt":"2021-10-30T21:50:22","slug":"resumo-imperio-01-11-cristina-e-maria-clara-se-enfrentam","status":"publish","type":"post","link":"https:\/\/migracao.redenoticia.com.br\/noticia\/2021\/resumo-imperio-01-11-cristina-e-maria-clara-se-enfrentam\/212084","title":{"rendered":"Resumo \u201cImp\u00e9rio\u201d 01\/11: Cristina e Maria Clara se enfrentam"},"content":{"rendered":"<p> <img loading=\"lazy\" decoding=\"async\" class=\"aligncenter size-full wp-image-205063\" src=\"https:\/\/migracao.redenoticia.com.br\/noticia\/imagens\/novela-imperio-resumo-elenco.jpeg\" alt=\"\" width=\"1280\" height=\"720\" srcset=\"https:\/\/migracao.redenoticia.com.br\/noticia\/imagens\/novela-imperio-resumo-elenco.jpeg 1280w, https:\/\/migracao.redenoticia.com.br\/noticia\/imagens\/novela-imperio-resumo-elenco-250x140.jpeg 250w, https:\/\/migracao.redenoticia.com.br\/noticia\/imagens\/novela-imperio-resumo-elenco-400x225.jpeg 400w, https:\/\/migracao.redenoticia.com.br\/noticia\/imagens\/novela-imperio-resumo-elenco-768x432.jpeg 768w, https:\/\/migracao.redenoticia.com.br\/noticia\/imagens\/novela-imperio-resumo-elenco-150x85.jpeg 150w\" sizes=\"auto, (max-width: 1280px) 100vw, 1280px\" \/><\/p>\n<p><em><strong>Resumo novela \u201cImp\u00e9rio\u201d<\/strong><\/em> em 01\/11: no cap\u00edtulo 175(*) da novela, Jos\u00e9 Alfredo desabafa com Josu\u00e9. Maur\u00edlio e Silviano conversam na porta da delegacia. Maria Marta vai \u00e0 casa de Maria \u00cdsis. Jos\u00e9 Alfredo fala ao telefone com Maria \u00cdsis. <\/p>\n<p>Salvador encontra um amigo pintor. Nan\u00e1 d\u00e1 um ultimato em Xana. Vicente conversa com Ant\u00f4nio e Luigi na cozinha. T\u00e9o Pereira termina a biografia do Comendador. Robert\u00e3o diz a \u00c9rika e T\u00e9o que vai acertar com Giancarlo os detalhes da viagem para o Jap\u00e3o.<\/p>\n<p>Maria Marta e Amanda desaprovam o vestido que Maria Clara escolheu para Cristina ir ao seu casamento com Vicente. Kelly faz hamb\u00fargueres no trailer de L\u00e9o e Amanda. Cl\u00e1udio e Beatriz conversam. Enrico e Beatriz falam ao telefone. Jos\u00e9 Alfredo discute com T\u00e9o. Cl\u00e1udio e Beatriz acertam os detalhes do casamento de Maria Clara e Vicente. Cristina e Maria Clara se enfrentam. Todos no casamento esperam ansiosamente a chegada de Maria Clara.<\/p>\n<p>(*) edi\u00e7\u00e3o das novelas da Globo, \u201cImp\u00e9rio\u201d, sujeito a altera\u00e7\u00e3o de data e conte\u00fado.<\/p>\n<p>Sinopse Novela &#8220;Imp\u00e9rio&#8221;: hist\u00f3ria do pernambucano Jos\u00e9 Alfredo de Medeiros (Chay Suede\/Alexandre Nero), o homem de preto. Dono de uma rede de joalherias, o Comendador tem tr\u00eas filhos com a aristocrata falida Maria Marta Mendon\u00e7a e Albuquerque (Adriana Birolli\/Lilia Cabral): Jos\u00e9 Pedro (Caio Blat), Maria Clara (Andreia Horta) e Jo\u00e3o Lucas (Daniel Rocha). Os tr\u00eas disputam a heran\u00e7a da empresa constru\u00edda pelo pai. <\/p>\n","protected":false},"excerpt":{"rendered":"<p>Resumo novela \u201cImp\u00e9rio\u201d em 01\/11: no cap\u00edtulo 175(*) da novela, Jos\u00e9 Alfredo desabafa com Josu\u00e9. Maur\u00edlio e Silviano conversam na porta da delegacia. Maria Marta vai \u00e0 casa de Maria \u00cdsis. Jos\u00e9 Alfredo fala ao telefone com Maria \u00cdsis. Salvador encontra um amigo pintor. Nan\u00e1 d\u00e1 um ultimato em Xana. Vicente conversa com Ant\u00f4nio e [&hellip;]<\/p>\n","protected":false},"author":2,"featured_media":205061,"comment_status":"closed","ping_status":"closed","sticky":false,"template":"","format":"standard","meta":{"tdm_status":"","tdm_grid_status":"","footnotes":""},"categories":[2196,379,375,2025,343],"tags":[441],"class_list":{"0":"post-212084","1":"post","2":"type-post","3":"status-publish","4":"format-standard","5":"has-post-thumbnail","7":"category-imperio","8":"category-novelas","9":"category-rede-globo","10":"category-resumo","11":"category-televisao","12":"tag-resumo-do-dia"},"_links":{"self":[{"href":"https:\/\/migracao.redenoticia.com.br\/noticia\/wp-json\/wp\/v2\/posts\/212084","targetHints":{"allow":["GET"]}}],"collection":[{"href":"https:\/\/migracao.redenoticia.com.br\/noticia\/wp-json\/wp\/v2\/posts"}],"about":[{"href":"https:\/\/migracao.redenoticia.com.br\/noticia\/wp-json\/wp\/v2\/types\/post"}],"author":[{"embeddable":true,"href":"https:\/\/migracao.redenoticia.com.br\/noticia\/wp-json\/wp\/v2\/users\/2"}],"replies":[{"embeddable":true,"href":"https:\/\/migracao.redenoticia.com.br\/noticia\/wp-json\/wp\/v2\/comments?post=212084"}],"version-history":[{"count":0,"href":"https:\/\/migracao.redenoticia.com.br\/noticia\/wp-json\/wp\/v2\/posts\/212084\/revisions"}],"wp:featuredmedia":[{"embeddable":true,"href":"https:\/\/migracao.redenoticia.com.br\/noticia\/wp-json\/wp\/v2\/media\/205061"}],"wp:attachment":[{"href":"https:\/\/migracao.redenoticia.com.br\/noticia\/wp-json\/wp\/v2\/media?parent=212084"}],"wp:term":[{"taxonomy":"category","embeddable":true,"href":"https:\/\/migracao.redenoticia.com.br\/noticia\/wp-json\/wp\/v2\/categories?post=212084"},{"taxonomy":"post_tag","embeddable":true,"href":"https:\/\/migracao.redenoticia.com.br\/noticia\/wp-json\/wp\/v2\/tags?post=212084"}],"curies":[{"name":"wp","href":"https:\/\/api.w.org\/{rel}","templated":true}]}}