{"id":212092,"date":"2021-10-30T18:48:43","date_gmt":"2021-10-30T21:48:43","guid":{"rendered":"https:\/\/www.redenoticia.com.br\/noticia\/?p=212092"},"modified":"2021-10-30T18:48:43","modified_gmt":"2021-10-30T21:48:43","slug":"resumo-pega-pega-01-11-luiza-procura-bebeth-para-conversar","status":"publish","type":"post","link":"https:\/\/migracao.redenoticia.com.br\/noticia\/2021\/resumo-pega-pega-01-11-luiza-procura-bebeth-para-conversar\/212092","title":{"rendered":"Resumo &#8220;Pega Pega&#8221; 01\/11: Luiza procura Bebeth para conversar"},"content":{"rendered":"<p> <img loading=\"lazy\" decoding=\"async\" class=\"aligncenter size-full wp-image-208391\" src=\"https:\/\/migracao.redenoticia.com.br\/noticia\/imagens\/pega-pega-resumo-novela-elenco-personagens.jpeg\" alt=\"\" width=\"1280\" height=\"720\" srcset=\"https:\/\/migracao.redenoticia.com.br\/noticia\/imagens\/pega-pega-resumo-novela-elenco-personagens.jpeg 1280w, https:\/\/migracao.redenoticia.com.br\/noticia\/imagens\/pega-pega-resumo-novela-elenco-personagens-250x140.jpeg 250w, https:\/\/migracao.redenoticia.com.br\/noticia\/imagens\/pega-pega-resumo-novela-elenco-personagens-400x225.jpeg 400w, https:\/\/migracao.redenoticia.com.br\/noticia\/imagens\/pega-pega-resumo-novela-elenco-personagens-768x432.jpeg 768w, https:\/\/migracao.redenoticia.com.br\/noticia\/imagens\/pega-pega-resumo-novela-elenco-personagens-150x85.jpeg 150w\" sizes=\"auto, (max-width: 1280px) 100vw, 1280px\" \/><\/p>\n<p><em><strong>Resumo novela &#8220;Pega Pega&#8221;<\/strong><\/em> em 01\/11: no cap\u00edtulo 091(*) da novela, Maria Pia avisa a Malagueta que ir\u00e1 esper\u00e1-lo fora da pris\u00e3o. Ant\u00f4nia termina o namoro com Dom\u00eanico. Malagueta diz a Maria Pia que todos pensam que Tim\u00f3teo pegou os d\u00f3lares. Mariazinha conta a todos que Sabine levou Dom para Genebra quando o achou na praia.<\/p>\n<p>Madalena acusa Sabine de ter roubado seu filho, e ela passa mal. Ant\u00f4nia pede a Nelito para voltar a morar com ele. Pedrinho avisa a Sabine que o quadro de sa\u00fade dela se agravou. Maria Pia fica tensa quando Madalena lhe avisa que recebeu uma intima\u00e7\u00e3o para depor no caso do acidente de Mirella. Malagueta \u00e9 levado para o pres\u00eddio. Eric pergunta a Malagueta se foi ele quem colocou os documentos sobre o acidente de Mirella em sua pasta.<\/p>\n<p>Luiza procura Bebeth<\/p>\n<p>Malagueta diz a Eric que confessar\u00e1 sua culpa \u00e0 pol\u00edcia. L\u00edgia fica assustada quando Eric a questiona sobre o envolvimento de Maria Pia no acidente de Mirella. L\u00edgia garante a Eric que Maria Pia n\u00e3o fez nada contra Mirella. Arlete incentiva J\u00falio a ir atr\u00e1s de Ant\u00f4nia. Gabriel fica triste quando Douglas confirma que a m\u00e3e n\u00e3o o procurou.<\/p>\n<p>Adriano avisa a Dom que Sabine ter\u00e1 que colocar um marcapasso no cora\u00e7\u00e3o. Douglas comenta com Eric que vislumbra perspectivas positivas para o Carioca Palace. Luiza procura Bebeth para conversar. Ant\u00f4nia se surpreende ao chegar em casa e ser abordada por J\u00falio.<\/p>\n<p>(*) edi\u00e7\u00e3o das novelas da Globo, &#8220;Pega Pega&#8221;, sujeito a altera\u00e7\u00e3o de data e conte\u00fado.<\/p>\n<p>Sinopse &#8220;Pega Pega&#8221;: a trama central \u00e9 o roubo ao Hotel Carioca Palace e seus desdobramentos na vida de cada um dos envolvidos, sejam eles h\u00f3spedes, suspeitos ou convidados do grande baile de gala. Neta do dono do Hotel, Lu\u00edza (Camila Queiroz), que vive por l\u00e1 desde crian\u00e7a, v\u00ea sua festa de 25 anos se transformar em uma grande investiga\u00e7\u00e3o policial.<\/p>\n<p>O roubo de 40 milh\u00f5es de d\u00f3lares do cofre, fruto da venda de Pedrinho Guimar\u00e3es (Marcos Caruso), sem consentimento da herdeira, do Carioca Palace para Eric Ribeiro (Mateus Solano), \u00e9 arquitetado por quatro funcion\u00e1rios: o concierge Malagueta (Marcelo Serrado), o gar\u00e7om J\u00falio (Thiago Martins), o recepcionista Agnaldo (Jo\u00e3o Baldasserini) e a camareira Sandra Helena (Nanda Costa). A princ\u00edpio eles hesitam, mas depois, diante de situa\u00e7\u00f5es limite na vida de cada um, topam participar do roubo.<\/p>\n","protected":false},"excerpt":{"rendered":"<p>Resumo novela &#8220;Pega Pega&#8221; em 01\/11: no cap\u00edtulo 091(*) da novela, Maria Pia avisa a Malagueta que ir\u00e1 esper\u00e1-lo fora da pris\u00e3o. Ant\u00f4nia termina o namoro com Dom\u00eanico. Malagueta diz a Maria Pia que todos pensam que Tim\u00f3teo pegou os d\u00f3lares. Mariazinha conta a todos que Sabine levou Dom para Genebra quando o achou na [&hellip;]<\/p>\n","protected":false},"author":2,"featured_media":208390,"comment_status":"closed","ping_status":"closed","sticky":false,"template":"","format":"standard","meta":{"tdm_status":"","tdm_grid_status":"","footnotes":""},"categories":[379,2217,375,2025,343],"tags":[441],"class_list":{"0":"post-212092","1":"post","2":"type-post","3":"status-publish","4":"format-standard","5":"has-post-thumbnail","7":"category-novelas","8":"category-pega-pega","9":"category-rede-globo","10":"category-resumo","11":"category-televisao","12":"tag-resumo-do-dia"},"_links":{"self":[{"href":"https:\/\/migracao.redenoticia.com.br\/noticia\/wp-json\/wp\/v2\/posts\/212092","targetHints":{"allow":["GET"]}}],"collection":[{"href":"https:\/\/migracao.redenoticia.com.br\/noticia\/wp-json\/wp\/v2\/posts"}],"about":[{"href":"https:\/\/migracao.redenoticia.com.br\/noticia\/wp-json\/wp\/v2\/types\/post"}],"author":[{"embeddable":true,"href":"https:\/\/migracao.redenoticia.com.br\/noticia\/wp-json\/wp\/v2\/users\/2"}],"replies":[{"embeddable":true,"href":"https:\/\/migracao.redenoticia.com.br\/noticia\/wp-json\/wp\/v2\/comments?post=212092"}],"version-history":[{"count":0,"href":"https:\/\/migracao.redenoticia.com.br\/noticia\/wp-json\/wp\/v2\/posts\/212092\/revisions"}],"wp:featuredmedia":[{"embeddable":true,"href":"https:\/\/migracao.redenoticia.com.br\/noticia\/wp-json\/wp\/v2\/media\/208390"}],"wp:attachment":[{"href":"https:\/\/migracao.redenoticia.com.br\/noticia\/wp-json\/wp\/v2\/media?parent=212092"}],"wp:term":[{"taxonomy":"category","embeddable":true,"href":"https:\/\/migracao.redenoticia.com.br\/noticia\/wp-json\/wp\/v2\/categories?post=212092"},{"taxonomy":"post_tag","embeddable":true,"href":"https:\/\/migracao.redenoticia.com.br\/noticia\/wp-json\/wp\/v2\/tags?post=212092"}],"curies":[{"name":"wp","href":"https:\/\/api.w.org\/{rel}","templated":true}]}}