{"id":212174,"date":"2021-11-02T14:55:47","date_gmt":"2021-11-02T17:55:47","guid":{"rendered":"https:\/\/www.redenoticia.com.br\/noticia\/?p=212174"},"modified":"2021-11-02T14:55:47","modified_gmt":"2021-11-02T17:55:47","slug":"resumo-te-dou-a-vida-03-11-ernesto-comeca-a-mostrar-sua-verdadeira-face","status":"publish","type":"post","link":"https:\/\/migracao.redenoticia.com.br\/noticia\/2021\/resumo-te-dou-a-vida-03-11-ernesto-comeca-a-mostrar-sua-verdadeira-face\/212174","title":{"rendered":"Resumo &#8220;Te dou a vida&#8221; 03\/11: Ernesto come\u00e7a a mostrar sua verdadeira face"},"content":{"rendered":"<p><img loading=\"lazy\" decoding=\"async\" class=\"aligncenter size-full wp-image-210432\" src=\"https:\/\/migracao.redenoticia.com.br\/noticia\/imagens\/te-dou-a-vida-elenco-personagem-novela-resumo.jpeg\" alt=\"\" width=\"1280\" height=\"720\" srcset=\"https:\/\/migracao.redenoticia.com.br\/noticia\/imagens\/te-dou-a-vida-elenco-personagem-novela-resumo.jpeg 1280w, https:\/\/migracao.redenoticia.com.br\/noticia\/imagens\/te-dou-a-vida-elenco-personagem-novela-resumo-250x140.jpeg 250w, https:\/\/migracao.redenoticia.com.br\/noticia\/imagens\/te-dou-a-vida-elenco-personagem-novela-resumo-400x225.jpeg 400w, https:\/\/migracao.redenoticia.com.br\/noticia\/imagens\/te-dou-a-vida-elenco-personagem-novela-resumo-768x432.jpeg 768w, https:\/\/migracao.redenoticia.com.br\/noticia\/imagens\/te-dou-a-vida-elenco-personagem-novela-resumo-150x85.jpeg 150w\" sizes=\"auto, (max-width: 1280px) 100vw, 1280px\" \/><\/p>\n<p><strong><em>Resumo da novela &#8220;Te dou a vida&#8221;<\/em><\/strong> em 03\/11: no cap\u00edtulo 033(*) da novela, N\u00edcolas diz a Ernesto e Helena que n\u00e3o quer conhecer seus pais biol\u00f3gicos. Quando o menino se afasta, Helena diz a Ernesto que ela e Pedro n\u00e3o s\u00e3o amantes, mas admite que o ama. Nelson critica a Gina por pressionar Pedro, deixa claro que n\u00e3o vai apoi\u00e1-la e exige que o deixe trabalhar em paz.<\/p>\n<p>Elena denuncia Ernesto pelas atrocidades que mencionou a Nicol\u00e1s e ele come\u00e7a a mostrar sua verdadeira face, indicando \u00e0 esposa que far\u00e1 todo o poss\u00edvel para n\u00e3o se divorciar. Ernesto chantageia Helena e amea\u00e7a tirar N\u00edcolas se ela insistir em se divorciar dele.<\/p>\n<p>Andreia n\u00e3o aceita que suas filhas Helena e Gabriela estejam apaixonadas pelos irm\u00e3os Garrido. Elena encontra Pedro e quando ela lhe conta o que est\u00e1 acontecendo, ele lhe mostra seu apoio incondicional diante da terr\u00edvel situa\u00e7\u00e3o.<\/p>\n<p>Ernesto continua mostrando sua verdadeira face e a mulher se convence a prosseguir com o div\u00f3rcio. Samuel e Gabriela se beijam pela primeira vez, enquanto Nelson pensa que Domingo est\u00e1 traindo Esther com Hor\u00e1cio, o pai de Elena.<\/p>\n<p>(*) edi\u00e7\u00e3o das novelas do SBT, &#8220;Te dou a vida&#8221;, sujeito a altera\u00e7\u00e3o de data e conte\u00fado.<\/p>\n<p>Sinopse &#8220;Te dou a vida&#8221;: Nicol\u00e1s (Leonardo Herrera) \u00e9 um garoto de apenas seis anos de idade que padece de leucemia, e necessita de um transplante de medula. Elena (Eva Cede\u00f1o) e Ernesto (Jorge Salinas) s\u00e3o um casal e pais adotivos do menino. Diante da situa\u00e7\u00e3o, o casal decide ir atr\u00e1s do pai biol\u00f3gico da crian\u00e7a, Pedro (Jos\u00e9 Ron). Ele ficar\u00e1 comovido ao conhecer o filho e se aproximar\u00e1 dele e da m\u00e3e adotiva de uma forma muito especial.<\/p>\n","protected":false},"excerpt":{"rendered":"<p>Resumo da novela &#8220;Te dou a vida&#8221; em 03\/11: no cap\u00edtulo 033(*) da novela, N\u00edcolas diz a Ernesto e Helena que n\u00e3o quer conhecer seus pais biol\u00f3gicos. Quando o menino se afasta, Helena diz a Ernesto que ela e Pedro n\u00e3o s\u00e3o amantes, mas admite que o ama. Nelson critica a Gina por pressionar Pedro, [&hellip;]<\/p>\n","protected":false},"author":4,"featured_media":210433,"comment_status":"closed","ping_status":"closed","sticky":false,"template":"","format":"standard","meta":{"tdm_status":"","tdm_grid_status":"","footnotes":""},"categories":[379,2025,372,2220,343],"tags":[441],"class_list":{"0":"post-212174","1":"post","2":"type-post","3":"status-publish","4":"format-standard","5":"has-post-thumbnail","7":"category-novelas","8":"category-resumo","9":"category-sbt","10":"category-te-dou-a-vida","11":"category-televisao","12":"tag-resumo-do-dia"},"_links":{"self":[{"href":"https:\/\/migracao.redenoticia.com.br\/noticia\/wp-json\/wp\/v2\/posts\/212174","targetHints":{"allow":["GET"]}}],"collection":[{"href":"https:\/\/migracao.redenoticia.com.br\/noticia\/wp-json\/wp\/v2\/posts"}],"about":[{"href":"https:\/\/migracao.redenoticia.com.br\/noticia\/wp-json\/wp\/v2\/types\/post"}],"author":[{"embeddable":true,"href":"https:\/\/migracao.redenoticia.com.br\/noticia\/wp-json\/wp\/v2\/users\/4"}],"replies":[{"embeddable":true,"href":"https:\/\/migracao.redenoticia.com.br\/noticia\/wp-json\/wp\/v2\/comments?post=212174"}],"version-history":[{"count":0,"href":"https:\/\/migracao.redenoticia.com.br\/noticia\/wp-json\/wp\/v2\/posts\/212174\/revisions"}],"wp:featuredmedia":[{"embeddable":true,"href":"https:\/\/migracao.redenoticia.com.br\/noticia\/wp-json\/wp\/v2\/media\/210433"}],"wp:attachment":[{"href":"https:\/\/migracao.redenoticia.com.br\/noticia\/wp-json\/wp\/v2\/media?parent=212174"}],"wp:term":[{"taxonomy":"category","embeddable":true,"href":"https:\/\/migracao.redenoticia.com.br\/noticia\/wp-json\/wp\/v2\/categories?post=212174"},{"taxonomy":"post_tag","embeddable":true,"href":"https:\/\/migracao.redenoticia.com.br\/noticia\/wp-json\/wp\/v2\/tags?post=212174"}],"curies":[{"name":"wp","href":"https:\/\/api.w.org\/{rel}","templated":true}]}}