{"id":212184,"date":"2021-11-02T15:15:06","date_gmt":"2021-11-02T18:15:06","guid":{"rendered":"https:\/\/www.redenoticia.com.br\/noticia\/?p=212184"},"modified":"2021-11-02T15:15:06","modified_gmt":"2021-11-02T18:15:06","slug":"resumo-o-clone-03-11-deusa-convida-albieri-para-ser-o-padrinho-de-seu-filho","status":"publish","type":"post","link":"https:\/\/migracao.redenoticia.com.br\/noticia\/2021\/resumo-o-clone-03-11-deusa-convida-albieri-para-ser-o-padrinho-de-seu-filho\/212184","title":{"rendered":"Resumo &#8220;O Clone&#8221; 03\/11: Deusa convida Albieri para ser o padrinho de seu filho"},"content":{"rendered":"<p><img loading=\"lazy\" decoding=\"async\" class=\"aligncenter size-full wp-image-210455\" src=\"https:\/\/migracao.redenoticia.com.br\/noticia\/imagens\/o-clone-resumo-reprise.jpeg\" alt=\"\" width=\"1280\" height=\"720\" srcset=\"https:\/\/migracao.redenoticia.com.br\/noticia\/imagens\/o-clone-resumo-reprise.jpeg 1280w, https:\/\/migracao.redenoticia.com.br\/noticia\/imagens\/o-clone-resumo-reprise-250x140.jpeg 250w, https:\/\/migracao.redenoticia.com.br\/noticia\/imagens\/o-clone-resumo-reprise-400x225.jpeg 400w, https:\/\/migracao.redenoticia.com.br\/noticia\/imagens\/o-clone-resumo-reprise-768x432.jpeg 768w, https:\/\/migracao.redenoticia.com.br\/noticia\/imagens\/o-clone-resumo-reprise-150x85.jpeg 150w\" sizes=\"auto, (max-width: 1280px) 100vw, 1280px\" \/><\/p>\n<p><em><strong>Resumo da novela &#8220;O Clone&#8221;<\/strong><\/em> em 03\/11: no cap\u00edtulo 023(*) da novela, Albieri convence Deusa que a mancha n\u00e3o tem import\u00e2ncia. Maysa e Lucas t\u00eam a primeira briga. Le\u00f4nidas e Dalva fazem com que eles se reconciliem. Deusa convida Albieri para ser o padrinho de seu filho, a quem quer dar o nome de Edvaldo.<\/p>\n<p>Nazira acusa Jade de amar o brasileiro e de querer afast\u00e1-la do irm\u00e3o. Jade revida e finge passar mal. Said exige que a esposa pe\u00e7a desculpas. Deusa estranha que o menino n\u00e3o se pare\u00e7a com Edvaldo. Albieri se surpreende quando Edna avisa que quer ter um filho. \u00c9 dia do batizado e Albieri escolhe um segundo nome: Leandro.<\/p>\n<p>Ao saber que Yvete \u00e9 a madrinha, Le\u00f4nidas quase tem certeza de que era Albieri que cantava a ex-namorada. Edvaldo v\u00ea de longe o batizado. Edna estranha a pele t\u00e3o clara do nen\u00e9m. Maysa prop\u00f5e reformas na casa, mas Le\u00f4nidas reage quando se fala em mexer no quarto de Diogo. Edna lamenta ainda n\u00e3o ter ficado gr\u00e1vida. Dalva se encontra com Albieri e ele esconde o rosto de Leandro.<\/p>\n<p>(*) edi\u00e7\u00e3o das novelas da Globo, &#8220;O Clone&#8221;, sujeito a altera\u00e7\u00e3o de data e conte\u00fado.<\/p>\n<p>Sinopse &#8220;O Clone&#8221;: In\u00edcio dos anos 1980. Le\u00f4nidas Ferraz (Reginaldo Faria) \u00e9 um empres\u00e1rio vi\u00favo com uma vida resumida aos seus neg\u00f3cios, pai de g\u00eameos id\u00eanticos: Diogo e Lucas (Murilo Ben\u00edcio).[34] Ap\u00f3s a morte de sua m\u00e3e no Rio de Janeiro, onde moravam, a jovem mu\u00e7ulmana marroquina Jade (Giovanna Antonelli) volta para a cidade marroquina de Fez para viver com seu tio Ali (St\u00eanio Garcia), que tamb\u00e9m cuida de sua outra sobrinha Latiffa (Let\u00edcia Sabatella).<\/p>\n<p>Seguidor fiel das tradi\u00e7\u00f5es mu\u00e7ulmanas, Ali busca encontrar bons maridos para as sobrinhas.[34] Diogo e Lucas v\u00e3o passar uns dias em Fez junto com o padrinho de Diogo, o geneticista Augusto Albieri (Juca de Oliveira). Os irm\u00e3os conhecem novos amores.<\/p>\n","protected":false},"excerpt":{"rendered":"<p>Resumo da novela &#8220;O Clone&#8221; em 03\/11: no cap\u00edtulo 023(*) da novela, Albieri convence Deusa que a mancha n\u00e3o tem import\u00e2ncia. Maysa e Lucas t\u00eam a primeira briga. Le\u00f4nidas e Dalva fazem com que eles se reconciliem. Deusa convida Albieri para ser o padrinho de seu filho, a quem quer dar o nome de Edvaldo. [&hellip;]<\/p>\n","protected":false},"author":4,"featured_media":210454,"comment_status":"closed","ping_status":"closed","sticky":false,"template":"","format":"standard","meta":{"tdm_status":"","tdm_grid_status":"","footnotes":""},"categories":[379,2222,375,2025,343],"tags":[441],"class_list":{"0":"post-212184","1":"post","2":"type-post","3":"status-publish","4":"format-standard","5":"has-post-thumbnail","7":"category-novelas","8":"category-o-clone","9":"category-rede-globo","10":"category-resumo","11":"category-televisao","12":"tag-resumo-do-dia"},"_links":{"self":[{"href":"https:\/\/migracao.redenoticia.com.br\/noticia\/wp-json\/wp\/v2\/posts\/212184","targetHints":{"allow":["GET"]}}],"collection":[{"href":"https:\/\/migracao.redenoticia.com.br\/noticia\/wp-json\/wp\/v2\/posts"}],"about":[{"href":"https:\/\/migracao.redenoticia.com.br\/noticia\/wp-json\/wp\/v2\/types\/post"}],"author":[{"embeddable":true,"href":"https:\/\/migracao.redenoticia.com.br\/noticia\/wp-json\/wp\/v2\/users\/4"}],"replies":[{"embeddable":true,"href":"https:\/\/migracao.redenoticia.com.br\/noticia\/wp-json\/wp\/v2\/comments?post=212184"}],"version-history":[{"count":0,"href":"https:\/\/migracao.redenoticia.com.br\/noticia\/wp-json\/wp\/v2\/posts\/212184\/revisions"}],"wp:featuredmedia":[{"embeddable":true,"href":"https:\/\/migracao.redenoticia.com.br\/noticia\/wp-json\/wp\/v2\/media\/210454"}],"wp:attachment":[{"href":"https:\/\/migracao.redenoticia.com.br\/noticia\/wp-json\/wp\/v2\/media?parent=212184"}],"wp:term":[{"taxonomy":"category","embeddable":true,"href":"https:\/\/migracao.redenoticia.com.br\/noticia\/wp-json\/wp\/v2\/categories?post=212184"},{"taxonomy":"post_tag","embeddable":true,"href":"https:\/\/migracao.redenoticia.com.br\/noticia\/wp-json\/wp\/v2\/tags?post=212184"}],"curies":[{"name":"wp","href":"https:\/\/api.w.org\/{rel}","templated":true}]}}