{"id":212197,"date":"2021-11-03T12:56:01","date_gmt":"2021-11-03T15:56:01","guid":{"rendered":"https:\/\/www.redenoticia.com.br\/noticia\/?p=212197"},"modified":"2021-11-03T12:56:01","modified_gmt":"2021-11-03T15:56:01","slug":"resumo-te-dou-a-vida-04-11-ernesto-dopa-elena","status":"publish","type":"post","link":"https:\/\/migracao.redenoticia.com.br\/noticia\/2021\/resumo-te-dou-a-vida-04-11-ernesto-dopa-elena\/212197","title":{"rendered":"Resumo &#8220;Te dou a vida&#8221; 04\/11: Ernesto dopa Elena"},"content":{"rendered":"<p><img loading=\"lazy\" decoding=\"async\" class=\"aligncenter size-full wp-image-210432\" src=\"https:\/\/migracao.redenoticia.com.br\/noticia\/imagens\/te-dou-a-vida-elenco-personagem-novela-resumo.jpeg\" alt=\"\" width=\"1280\" height=\"720\" srcset=\"https:\/\/migracao.redenoticia.com.br\/noticia\/imagens\/te-dou-a-vida-elenco-personagem-novela-resumo.jpeg 1280w, https:\/\/migracao.redenoticia.com.br\/noticia\/imagens\/te-dou-a-vida-elenco-personagem-novela-resumo-250x140.jpeg 250w, https:\/\/migracao.redenoticia.com.br\/noticia\/imagens\/te-dou-a-vida-elenco-personagem-novela-resumo-400x225.jpeg 400w, https:\/\/migracao.redenoticia.com.br\/noticia\/imagens\/te-dou-a-vida-elenco-personagem-novela-resumo-768x432.jpeg 768w, https:\/\/migracao.redenoticia.com.br\/noticia\/imagens\/te-dou-a-vida-elenco-personagem-novela-resumo-150x85.jpeg 150w\" sizes=\"auto, (max-width: 1280px) 100vw, 1280px\" \/><\/p>\n<p><strong><em>Resumo da novela &#8220;Te dou a vida&#8221;<\/em><\/strong> em 04\/11: no cap\u00edtulo 034(*) da novela, Pedro chega \u00e0 oficina e Gina come\u00e7a a manipul\u00e1-lo, por isso ele se irrita com ela e pede que ela n\u00e3o se aproxime, pois ele \u00e9 muito claro sobre suas inten\u00e7\u00f5es.<\/p>\n<p>Ernesto tem um novo confronto com Elena e ela lhe d\u00e1 um tapa, al\u00e9m de confessar que, embora ela e Pedro n\u00e3o sejam amantes, ela o ama.<\/p>\n<p>Ernesto d\u00e1 a Elena algumas gotas do rem\u00e9dio que comprou em seu caf\u00e9 para que ela fa\u00e7a o que ele manda, enquanto Nelson diz a Esther que viu Domingo com um homem. Nelson diz a Ester que seu marido \u00e9 homossexual e vai lhe trazer as provas.<\/p>\n<p>Depois de receber o rem\u00e9dio para cavalos, Ernesto p\u00f5e algumas gotas no caf\u00e9 da esposa e ela adormece por longas horas sem saber o que est\u00e1 acontecendo ao seu redor.<\/p>\n<p>(*) edi\u00e7\u00e3o das novelas do SBT, &#8220;Te dou a vida&#8221;, sujeito a altera\u00e7\u00e3o de data e conte\u00fado.<\/p>\n<p>Sinopse &#8220;Te dou a vida&#8221;: Nicol\u00e1s (Leonardo Herrera) \u00e9 um garoto de apenas seis anos de idade que padece de leucemia, e necessita de um transplante de medula. Elena (Eva Cede\u00f1o) e Ernesto (Jorge Salinas) s\u00e3o um casal e pais adotivos do menino. Diante da situa\u00e7\u00e3o, o casal decide ir atr\u00e1s do pai biol\u00f3gico da crian\u00e7a, Pedro (Jos\u00e9 Ron). Ele ficar\u00e1 comovido ao conhecer o filho e se aproximar\u00e1 dele e da m\u00e3e adotiva de uma forma muito especial.<\/p>\n","protected":false},"excerpt":{"rendered":"<p>Resumo da novela &#8220;Te dou a vida&#8221; em 04\/11: no cap\u00edtulo 034(*) da novela, Pedro chega \u00e0 oficina e Gina come\u00e7a a manipul\u00e1-lo, por isso ele se irrita com ela e pede que ela n\u00e3o se aproxime, pois ele \u00e9 muito claro sobre suas inten\u00e7\u00f5es. Ernesto tem um novo confronto com Elena e ela lhe [&hellip;]<\/p>\n","protected":false},"author":4,"featured_media":210433,"comment_status":"closed","ping_status":"closed","sticky":false,"template":"","format":"standard","meta":{"tdm_status":"","tdm_grid_status":"","footnotes":""},"categories":[379,2025,372,2220,343],"tags":[441],"class_list":{"0":"post-212197","1":"post","2":"type-post","3":"status-publish","4":"format-standard","5":"has-post-thumbnail","7":"category-novelas","8":"category-resumo","9":"category-sbt","10":"category-te-dou-a-vida","11":"category-televisao","12":"tag-resumo-do-dia"},"_links":{"self":[{"href":"https:\/\/migracao.redenoticia.com.br\/noticia\/wp-json\/wp\/v2\/posts\/212197","targetHints":{"allow":["GET"]}}],"collection":[{"href":"https:\/\/migracao.redenoticia.com.br\/noticia\/wp-json\/wp\/v2\/posts"}],"about":[{"href":"https:\/\/migracao.redenoticia.com.br\/noticia\/wp-json\/wp\/v2\/types\/post"}],"author":[{"embeddable":true,"href":"https:\/\/migracao.redenoticia.com.br\/noticia\/wp-json\/wp\/v2\/users\/4"}],"replies":[{"embeddable":true,"href":"https:\/\/migracao.redenoticia.com.br\/noticia\/wp-json\/wp\/v2\/comments?post=212197"}],"version-history":[{"count":0,"href":"https:\/\/migracao.redenoticia.com.br\/noticia\/wp-json\/wp\/v2\/posts\/212197\/revisions"}],"wp:featuredmedia":[{"embeddable":true,"href":"https:\/\/migracao.redenoticia.com.br\/noticia\/wp-json\/wp\/v2\/media\/210433"}],"wp:attachment":[{"href":"https:\/\/migracao.redenoticia.com.br\/noticia\/wp-json\/wp\/v2\/media?parent=212197"}],"wp:term":[{"taxonomy":"category","embeddable":true,"href":"https:\/\/migracao.redenoticia.com.br\/noticia\/wp-json\/wp\/v2\/categories?post=212197"},{"taxonomy":"post_tag","embeddable":true,"href":"https:\/\/migracao.redenoticia.com.br\/noticia\/wp-json\/wp\/v2\/tags?post=212197"}],"curies":[{"name":"wp","href":"https:\/\/api.w.org\/{rel}","templated":true}]}}