{"id":212346,"date":"2021-11-07T16:44:32","date_gmt":"2021-11-07T19:44:32","guid":{"rendered":"https:\/\/www.redenoticia.com.br\/noticia\/?p=212346"},"modified":"2021-11-07T16:44:32","modified_gmt":"2021-11-07T19:44:32","slug":"resumo-coracao-indomavel-08-11-miguel-sofre-um-atentado","status":"publish","type":"post","link":"https:\/\/migracao.redenoticia.com.br\/noticia\/2021\/resumo-coracao-indomavel-08-11-miguel-sofre-um-atentado\/212346","title":{"rendered":"Resumo &#8220;Cora\u00e7\u00e3o Indom\u00e1vel&#8221; 08\/11: Miguel sofre um atentado"},"content":{"rendered":"<p> <img loading=\"lazy\" decoding=\"async\" class=\"aligncenter size-full wp-image-206134\" src=\"https:\/\/migracao.redenoticia.com.br\/noticia\/imagens\/coracao-indomavel-resumo-novela-elenco.jpeg\" alt=\"\" width=\"1280\" height=\"720\" srcset=\"https:\/\/migracao.redenoticia.com.br\/noticia\/imagens\/coracao-indomavel-resumo-novela-elenco.jpeg 1280w, https:\/\/migracao.redenoticia.com.br\/noticia\/imagens\/coracao-indomavel-resumo-novela-elenco-250x140.jpeg 250w, https:\/\/migracao.redenoticia.com.br\/noticia\/imagens\/coracao-indomavel-resumo-novela-elenco-400x225.jpeg 400w, https:\/\/migracao.redenoticia.com.br\/noticia\/imagens\/coracao-indomavel-resumo-novela-elenco-768x432.jpeg 768w, https:\/\/migracao.redenoticia.com.br\/noticia\/imagens\/coracao-indomavel-resumo-novela-elenco-150x85.jpeg 150w\" sizes=\"auto, (max-width: 1280px) 100vw, 1280px\" \/><\/p>\n<p><strong><em>Resumo da novela &#8220;Cora\u00e7\u00e3o Indom\u00e1vel&#8221;<\/em><\/strong> em 08\/11: no cap\u00edtulo 120(*) da novela, Simone pede a Danilo que a acompanhe em sua volta, pois assim ela se sentir\u00e1 melhor e menos desamparada. Clementina entrevista Maricruz e decide contrat\u00e1-la. Maricruz diz a Joaninha que tem um emprego, por\u00e9m omitiu na entrevista o fato de ter uma filha. Ot\u00e1vio diz a Miguel que notou Simone diferente e acredita que ela esteja apaixonada por Danilo. Clementina diz a Afonso que ir\u00e1 a \u00f3pera acompanhada de sua dama de companhia.<\/p>\n<p>Ot\u00e1vio pede a Simone um tempo para que Miguel saia de sua fazenda. Miguel sofre um atentado. Of\u00e9lia diz a Ot\u00e1vio que Miguel est\u00e1 muito mal. Miguel pede a Ot\u00e1vio que cuide de Miguelzinho como se fosse seu pr\u00f3prio filho e morre. Vargas prende Nazario pelo assassinato de Miguel. Nazario grita que jamais negar\u00e1 ou se arrepender\u00e1 do que fez, e que a morte de Eusebio, enfim, foi vingada.<\/p>\n<p>Ot\u00e1vio conta sua hist\u00f3ria com D\u00f3ris<\/p>\n<p>Maricruz chega \u00e0 casa de Clementina e Afonso abre a porta. Clementina os apresenta. Ot\u00e1vio chega a capital em busca de Maricruz. Simone recebe um telegrama com o endere\u00e7o de Maricruz. Joaninha diz a Maricruz que acredita que Ot\u00e1vio n\u00e3o recebeu o telegrama com seu endere\u00e7o. Ot\u00e1vio e Afonso se encontram casualmente em uma cafeteria e se cumprimentam como velhos amigos.<\/p>\n<p>Clementina diz a Maricruz que dar\u00e1 uma festa e pede que ela escolha um vestido a altura do evento, pois assim ficar\u00e1 ainda mais f\u00e1cil cas\u00e1-la com um bom partido. Afonso diz a Ot\u00e1vio que conheceu uma grande mulher e o convida para conhec\u00ea-la tamb\u00e9m. Ot\u00e1vio diz estar ocupado com a busca por sua mulher e sua filha.<\/p>\n<p>Clementina diz a Afonso que Maricruz ocupa seus dias livres cuidando de uma velha tia que est\u00e1 muito doente. Ot\u00e1vio conta sua hist\u00f3ria com D\u00f3ris a Afonso, que promete conseguir um emprego no ramo de avia\u00e7\u00e3o para o amigo e o convida para uma festa. Afonso diz a Clementina que se sente muito atra\u00eddo por Maricruz e pede que n\u00e3o tente arrumar um namorado para ela.<\/p>\n<p>Afonso diz a Clementina que n\u00e3o quer se casar com Mercedes, pois est\u00e1 apaixonado por Maricruz. Clementina pergunta a Maricruz se ela se sente atra\u00edda por Afonso. Joaninha l\u00ea uma carta de Santa, no qual ela conta o ocorrido com Miguel. Clementina comenta com Maricruz que ela \u00e9 uma mulher muito bonita e causa inveja em todas as suas amigas.<\/p>\n<p>(*) edi\u00e7\u00e3o das novelas do SBT, &#8220;Cora\u00e7\u00e3o Indom\u00e1vel&#8221;, sujeito a altera\u00e7\u00e3o de data e conte\u00fado.<\/p>\n<p>Sinopse &#8220;Cora\u00e7\u00e3o Indom\u00e1vel&#8221;: A novela conta a hist\u00f3ria da pobre Maricruz que, ap\u00f3s ter sido abandonada pelo marido, decide se vingar daqueles que a humilharam. Ela descobre ser filha de um homem rico, tornando-se uma mulher da alta sociedade.<\/p>\n","protected":false},"excerpt":{"rendered":"<p>Resumo da novela &#8220;Cora\u00e7\u00e3o Indom\u00e1vel&#8221; em 08\/11: no cap\u00edtulo 120(*) da novela, Simone pede a Danilo que a acompanhe em sua volta, pois assim ela se sentir\u00e1 melhor e menos desamparada. Clementina entrevista Maricruz e decide contrat\u00e1-la. Maricruz diz a Joaninha que tem um emprego, por\u00e9m omitiu na entrevista o fato de ter uma filha. [&hellip;]<\/p>\n","protected":false},"author":2,"featured_media":206133,"comment_status":"closed","ping_status":"closed","sticky":false,"template":"","format":"standard","meta":{"tdm_status":"","tdm_grid_status":"","footnotes":""},"categories":[2200,379,2025,372,343],"tags":[441],"class_list":{"0":"post-212346","1":"post","2":"type-post","3":"status-publish","4":"format-standard","5":"has-post-thumbnail","7":"category-coracao-indomavel","8":"category-novelas","9":"category-resumo","10":"category-sbt","11":"category-televisao","12":"tag-resumo-do-dia"},"_links":{"self":[{"href":"https:\/\/migracao.redenoticia.com.br\/noticia\/wp-json\/wp\/v2\/posts\/212346","targetHints":{"allow":["GET"]}}],"collection":[{"href":"https:\/\/migracao.redenoticia.com.br\/noticia\/wp-json\/wp\/v2\/posts"}],"about":[{"href":"https:\/\/migracao.redenoticia.com.br\/noticia\/wp-json\/wp\/v2\/types\/post"}],"author":[{"embeddable":true,"href":"https:\/\/migracao.redenoticia.com.br\/noticia\/wp-json\/wp\/v2\/users\/2"}],"replies":[{"embeddable":true,"href":"https:\/\/migracao.redenoticia.com.br\/noticia\/wp-json\/wp\/v2\/comments?post=212346"}],"version-history":[{"count":0,"href":"https:\/\/migracao.redenoticia.com.br\/noticia\/wp-json\/wp\/v2\/posts\/212346\/revisions"}],"wp:featuredmedia":[{"embeddable":true,"href":"https:\/\/migracao.redenoticia.com.br\/noticia\/wp-json\/wp\/v2\/media\/206133"}],"wp:attachment":[{"href":"https:\/\/migracao.redenoticia.com.br\/noticia\/wp-json\/wp\/v2\/media?parent=212346"}],"wp:term":[{"taxonomy":"category","embeddable":true,"href":"https:\/\/migracao.redenoticia.com.br\/noticia\/wp-json\/wp\/v2\/categories?post=212346"},{"taxonomy":"post_tag","embeddable":true,"href":"https:\/\/migracao.redenoticia.com.br\/noticia\/wp-json\/wp\/v2\/tags?post=212346"}],"curies":[{"name":"wp","href":"https:\/\/api.w.org\/{rel}","templated":true}]}}