{"id":212354,"date":"2021-11-08T15:57:07","date_gmt":"2021-11-08T18:57:07","guid":{"rendered":"https:\/\/www.redenoticia.com.br\/noticia\/?p=212354"},"modified":"2021-11-08T15:57:07","modified_gmt":"2021-11-08T18:57:07","slug":"resumo-te-dou-a-vida-09-11-ernesto-manda-uma-foto-de-helena-para-pedro","status":"publish","type":"post","link":"https:\/\/migracao.redenoticia.com.br\/noticia\/2021\/resumo-te-dou-a-vida-09-11-ernesto-manda-uma-foto-de-helena-para-pedro\/212354","title":{"rendered":"Resumo &#8220;Te dou a vida&#8221; 09\/11: Ernesto manda uma foto de Helena para Pedro"},"content":{"rendered":"<p><img loading=\"lazy\" decoding=\"async\" class=\"aligncenter size-full wp-image-210432\" src=\"https:\/\/migracao.redenoticia.com.br\/noticia\/imagens\/te-dou-a-vida-elenco-personagem-novela-resumo.jpeg\" alt=\"\" width=\"1280\" height=\"720\" srcset=\"https:\/\/migracao.redenoticia.com.br\/noticia\/imagens\/te-dou-a-vida-elenco-personagem-novela-resumo.jpeg 1280w, https:\/\/migracao.redenoticia.com.br\/noticia\/imagens\/te-dou-a-vida-elenco-personagem-novela-resumo-250x140.jpeg 250w, https:\/\/migracao.redenoticia.com.br\/noticia\/imagens\/te-dou-a-vida-elenco-personagem-novela-resumo-400x225.jpeg 400w, https:\/\/migracao.redenoticia.com.br\/noticia\/imagens\/te-dou-a-vida-elenco-personagem-novela-resumo-768x432.jpeg 768w, https:\/\/migracao.redenoticia.com.br\/noticia\/imagens\/te-dou-a-vida-elenco-personagem-novela-resumo-150x85.jpeg 150w\" sizes=\"auto, (max-width: 1280px) 100vw, 1280px\" \/><\/p>\n<p><strong><em>Resumo da novela &#8220;Te dou a vida&#8221;<\/em><\/strong> em 09\/11: no cap\u00edtulo 037(*) da novela, Pedro diz que as fotos n\u00e3o dizem nada e a m\u00e3e deve ouvir a explica\u00e7\u00e3o de Domingo. Eles a acompanham at\u00e9 a sala de estar, onde Domingo est\u00e1 irritado, dizendo que quer encontrar o informante. Ele coloca a m\u00e3o no joelho de Nelson e diz: &#8220;Diga-me, meu amigo de longa data, de onde algu\u00e9m tirou a ideia de que eu sou gay?&#8221; Ele finalmente diz que tudo isso foi uma confus\u00e3o. Domingo olha para Ester e diz que n\u00e3o sabe se pode perdo\u00e1-la.<\/p>\n<p>O celular de Pedro sinaliza uma mensagem. Ele olha a foto que Ernesto tirou de Helena e a mensagem: \u201cHelena pode dizer o que quiser, mas ela faz amor comigo\u201d. Pedro imediatamente o chama de volta, mas ele n\u00e3o responde. Pedro o chama de covarde. Ester encontra Domingo sentado na cama. Ela implorou seu perd\u00e3o por ceder \u00e0 fofoca.<\/p>\n<p>Na manh\u00e3 seguinte, Helena acorda se perguntando o que est\u00e1 acontecendo com ela. Ela despeja um pouco da \u00e1gua no copo e bebe. Ela ouve a mensagem de Pedro e manda uma mensagem para que ele a encontre no caf\u00e9 em uma hora. Ao mesmo tempo, Ernesto diz \u00e0 empregada que est\u00e1 preocupado com Helena. Ele beija Nico e sai de casa. A empregada leva Nico para a cozinha, para o caf\u00e9 da manh\u00e3. Helena beija seu filho e sai. Quando Pedro lhe mostra a mensagem, ela perde o controle, exigindo saber se ele pensa que ela \u00e9 uma qualquer.<\/p>\n<p>(*) edi\u00e7\u00e3o das novelas do SBT, &#8220;Te dou a vida&#8221;, sujeito a altera\u00e7\u00e3o de data e conte\u00fado.<\/p>\n<p>Sinopse &#8220;Te dou a vida&#8221;: Nicol\u00e1s (Leonardo Herrera) \u00e9 um garoto de apenas seis anos de idade que padece de leucemia, e necessita de um transplante de medula. Elena (Eva Cede\u00f1o) e Ernesto (Jorge Salinas) s\u00e3o um casal e pais adotivos do menino. Diante da situa\u00e7\u00e3o, o casal decide ir atr\u00e1s do pai biol\u00f3gico da crian\u00e7a, Pedro (Jos\u00e9 Ron). Ele ficar\u00e1 comovido ao conhecer o filho e se aproximar\u00e1 dele e da m\u00e3e adotiva de uma forma muito especial.<\/p>\n","protected":false},"excerpt":{"rendered":"<p>Resumo da novela &#8220;Te dou a vida&#8221; em 09\/11: no cap\u00edtulo 037(*) da novela, Pedro diz que as fotos n\u00e3o dizem nada e a m\u00e3e deve ouvir a explica\u00e7\u00e3o de Domingo. Eles a acompanham at\u00e9 a sala de estar, onde Domingo est\u00e1 irritado, dizendo que quer encontrar o informante. Ele coloca a m\u00e3o no joelho [&hellip;]<\/p>\n","protected":false},"author":4,"featured_media":210433,"comment_status":"closed","ping_status":"closed","sticky":false,"template":"","format":"standard","meta":{"tdm_status":"","tdm_grid_status":"","footnotes":""},"categories":[379,2025,372,2220,343],"tags":[441],"class_list":{"0":"post-212354","1":"post","2":"type-post","3":"status-publish","4":"format-standard","5":"has-post-thumbnail","7":"category-novelas","8":"category-resumo","9":"category-sbt","10":"category-te-dou-a-vida","11":"category-televisao","12":"tag-resumo-do-dia"},"_links":{"self":[{"href":"https:\/\/migracao.redenoticia.com.br\/noticia\/wp-json\/wp\/v2\/posts\/212354","targetHints":{"allow":["GET"]}}],"collection":[{"href":"https:\/\/migracao.redenoticia.com.br\/noticia\/wp-json\/wp\/v2\/posts"}],"about":[{"href":"https:\/\/migracao.redenoticia.com.br\/noticia\/wp-json\/wp\/v2\/types\/post"}],"author":[{"embeddable":true,"href":"https:\/\/migracao.redenoticia.com.br\/noticia\/wp-json\/wp\/v2\/users\/4"}],"replies":[{"embeddable":true,"href":"https:\/\/migracao.redenoticia.com.br\/noticia\/wp-json\/wp\/v2\/comments?post=212354"}],"version-history":[{"count":0,"href":"https:\/\/migracao.redenoticia.com.br\/noticia\/wp-json\/wp\/v2\/posts\/212354\/revisions"}],"wp:featuredmedia":[{"embeddable":true,"href":"https:\/\/migracao.redenoticia.com.br\/noticia\/wp-json\/wp\/v2\/media\/210433"}],"wp:attachment":[{"href":"https:\/\/migracao.redenoticia.com.br\/noticia\/wp-json\/wp\/v2\/media?parent=212354"}],"wp:term":[{"taxonomy":"category","embeddable":true,"href":"https:\/\/migracao.redenoticia.com.br\/noticia\/wp-json\/wp\/v2\/categories?post=212354"},{"taxonomy":"post_tag","embeddable":true,"href":"https:\/\/migracao.redenoticia.com.br\/noticia\/wp-json\/wp\/v2\/tags?post=212354"}],"curies":[{"name":"wp","href":"https:\/\/api.w.org\/{rel}","templated":true}]}}