{"id":212363,"date":"2021-11-08T16:08:54","date_gmt":"2021-11-08T19:08:54","guid":{"rendered":"https:\/\/www.redenoticia.com.br\/noticia\/?p=212363"},"modified":"2021-11-08T16:08:54","modified_gmt":"2021-11-08T19:08:54","slug":"resumo-o-clone-09-11-jade-pede-o-divorcio-a-said","status":"publish","type":"post","link":"https:\/\/migracao.redenoticia.com.br\/noticia\/2021\/resumo-o-clone-09-11-jade-pede-o-divorcio-a-said\/212363","title":{"rendered":"Resumo &#8220;O Clone&#8221; 09\/11: Jade pede o div\u00f3rcio a Said"},"content":{"rendered":"<p><img loading=\"lazy\" decoding=\"async\" class=\"aligncenter size-full wp-image-210455\" src=\"https:\/\/migracao.redenoticia.com.br\/noticia\/imagens\/o-clone-resumo-reprise.jpeg\" alt=\"\" width=\"1280\" height=\"720\" srcset=\"https:\/\/migracao.redenoticia.com.br\/noticia\/imagens\/o-clone-resumo-reprise.jpeg 1280w, https:\/\/migracao.redenoticia.com.br\/noticia\/imagens\/o-clone-resumo-reprise-250x140.jpeg 250w, https:\/\/migracao.redenoticia.com.br\/noticia\/imagens\/o-clone-resumo-reprise-400x225.jpeg 400w, https:\/\/migracao.redenoticia.com.br\/noticia\/imagens\/o-clone-resumo-reprise-768x432.jpeg 768w, https:\/\/migracao.redenoticia.com.br\/noticia\/imagens\/o-clone-resumo-reprise-150x85.jpeg 150w\" sizes=\"auto, (max-width: 1280px) 100vw, 1280px\" \/><\/p>\n<p><em><strong>Resumo da novela &#8220;O Clone&#8221;<\/strong><\/em> em 09\/11: no cap\u00edtulo 027(*) da novela, Albieri guarda as fotos de Diogo, enquanto Edna o observa, espantada. Deusa e Edvaldo discutem, mas acabam por dan\u00e7ar romanticamente no baile. Ali defende Jade: at\u00e9 ela ser encontrada, n\u00e3o pode ser difamada. Abdul avisa a fam\u00edlia no Brasil e Latiffa chora com medo de ser devolvida. Lucas passa por uma confus\u00e3o na rua e acaba preso.<\/p>\n<p>Yvete encontra-se casualmente com Albieri e abre um champanhe para comemorar a compra de uma loja. Le\u00f4nidas e Lobato veem de longe os dois em atitude carinhosa. Lucas grita por Jade. Ela grita o nome dele e \u00e9 agarrada pelos homens de Ali. Quando ele chega, resta apenas o colar da amada no ch\u00e3o. Lucas afasta-se com o colar de jade.<\/p>\n<p>Le\u00f4nidas sai furioso, Yvete vai atr\u00e1s sem perceber nada, mas ele arranca com o carro. Albieri explica que ele est\u00e1 com ci\u00fames porque acha que os dois t\u00eam um caso. Ali, Abdul e Said pressionam Jade, que mente ao dizer que fugiu porque perdeu as j\u00f3ias. Eles interrogam os criados e aceitam que n\u00e3o t\u00eam provas contra ela. Said descompensa quando Ali recebe um telefonema de Le\u00f4nidas a pedir not\u00edcias de Lucas, mas Jade nega qualquer encontro com o brasileiro. Maysa sai da casa de Le\u00f4nidas. Jade pede o div\u00f3rcio a Said, que recusa.<\/p>\n<p>(*) edi\u00e7\u00e3o das novelas da Globo, &#8220;O Clone&#8221;, sujeito a altera\u00e7\u00e3o de data e conte\u00fado.<\/p>\n<p>Sinopse &#8220;O Clone&#8221;: In\u00edcio dos anos 1980. Le\u00f4nidas Ferraz (Reginaldo Faria) \u00e9 um empres\u00e1rio vi\u00favo com uma vida resumida aos seus neg\u00f3cios, pai de g\u00eameos id\u00eanticos: Diogo e Lucas (Murilo Ben\u00edcio).[34] Ap\u00f3s a morte de sua m\u00e3e no Rio de Janeiro, onde moravam, a jovem mu\u00e7ulmana marroquina Jade (Giovanna Antonelli) volta para a cidade marroquina de Fez para viver com seu tio Ali (St\u00eanio Garcia), que tamb\u00e9m cuida de sua outra sobrinha Latiffa (Let\u00edcia Sabatella).<\/p>\n<p>Seguidor fiel das tradi\u00e7\u00f5es mu\u00e7ulmanas, Ali busca encontrar bons maridos para as sobrinhas.[34] Diogo e Lucas v\u00e3o passar uns dias em Fez junto com o padrinho de Diogo, o geneticista Augusto Albieri (Juca de Oliveira). Os irm\u00e3os conhecem novos amores.<\/p>\n","protected":false},"excerpt":{"rendered":"<p>Resumo da novela &#8220;O Clone&#8221; em 09\/11: no cap\u00edtulo 027(*) da novela, Albieri guarda as fotos de Diogo, enquanto Edna o observa, espantada. Deusa e Edvaldo discutem, mas acabam por dan\u00e7ar romanticamente no baile. Ali defende Jade: at\u00e9 ela ser encontrada, n\u00e3o pode ser difamada. Abdul avisa a fam\u00edlia no Brasil e Latiffa chora com [&hellip;]<\/p>\n","protected":false},"author":4,"featured_media":210454,"comment_status":"closed","ping_status":"closed","sticky":false,"template":"","format":"standard","meta":{"tdm_status":"","tdm_grid_status":"","footnotes":""},"categories":[379,2222,375,2025,343],"tags":[441],"class_list":{"0":"post-212363","1":"post","2":"type-post","3":"status-publish","4":"format-standard","5":"has-post-thumbnail","7":"category-novelas","8":"category-o-clone","9":"category-rede-globo","10":"category-resumo","11":"category-televisao","12":"tag-resumo-do-dia"},"_links":{"self":[{"href":"https:\/\/migracao.redenoticia.com.br\/noticia\/wp-json\/wp\/v2\/posts\/212363","targetHints":{"allow":["GET"]}}],"collection":[{"href":"https:\/\/migracao.redenoticia.com.br\/noticia\/wp-json\/wp\/v2\/posts"}],"about":[{"href":"https:\/\/migracao.redenoticia.com.br\/noticia\/wp-json\/wp\/v2\/types\/post"}],"author":[{"embeddable":true,"href":"https:\/\/migracao.redenoticia.com.br\/noticia\/wp-json\/wp\/v2\/users\/4"}],"replies":[{"embeddable":true,"href":"https:\/\/migracao.redenoticia.com.br\/noticia\/wp-json\/wp\/v2\/comments?post=212363"}],"version-history":[{"count":0,"href":"https:\/\/migracao.redenoticia.com.br\/noticia\/wp-json\/wp\/v2\/posts\/212363\/revisions"}],"wp:featuredmedia":[{"embeddable":true,"href":"https:\/\/migracao.redenoticia.com.br\/noticia\/wp-json\/wp\/v2\/media\/210454"}],"wp:attachment":[{"href":"https:\/\/migracao.redenoticia.com.br\/noticia\/wp-json\/wp\/v2\/media?parent=212363"}],"wp:term":[{"taxonomy":"category","embeddable":true,"href":"https:\/\/migracao.redenoticia.com.br\/noticia\/wp-json\/wp\/v2\/categories?post=212363"},{"taxonomy":"post_tag","embeddable":true,"href":"https:\/\/migracao.redenoticia.com.br\/noticia\/wp-json\/wp\/v2\/tags?post=212363"}],"curies":[{"name":"wp","href":"https:\/\/api.w.org\/{rel}","templated":true}]}}