{"id":212441,"date":"2021-11-10T12:13:53","date_gmt":"2021-11-10T15:13:53","guid":{"rendered":"https:\/\/www.redenoticia.com.br\/noticia\/?p=212441"},"modified":"2021-11-10T12:13:53","modified_gmt":"2021-11-10T15:13:53","slug":"resumo-te-dou-a-vida-11-11-helena-fica-em-coma-apos-acidente","status":"publish","type":"post","link":"https:\/\/migracao.redenoticia.com.br\/noticia\/2021\/resumo-te-dou-a-vida-11-11-helena-fica-em-coma-apos-acidente\/212441","title":{"rendered":"Resumo &#8220;Te dou a vida&#8221; 11\/11: Helena fica em coma ap\u00f3s acidente"},"content":{"rendered":"<p><img loading=\"lazy\" decoding=\"async\" class=\"aligncenter size-full wp-image-210432\" src=\"https:\/\/migracao.redenoticia.com.br\/noticia\/imagens\/te-dou-a-vida-elenco-personagem-novela-resumo.jpeg\" alt=\"\" width=\"1280\" height=\"720\" srcset=\"https:\/\/migracao.redenoticia.com.br\/noticia\/imagens\/te-dou-a-vida-elenco-personagem-novela-resumo.jpeg 1280w, https:\/\/migracao.redenoticia.com.br\/noticia\/imagens\/te-dou-a-vida-elenco-personagem-novela-resumo-250x140.jpeg 250w, https:\/\/migracao.redenoticia.com.br\/noticia\/imagens\/te-dou-a-vida-elenco-personagem-novela-resumo-400x225.jpeg 400w, https:\/\/migracao.redenoticia.com.br\/noticia\/imagens\/te-dou-a-vida-elenco-personagem-novela-resumo-768x432.jpeg 768w, https:\/\/migracao.redenoticia.com.br\/noticia\/imagens\/te-dou-a-vida-elenco-personagem-novela-resumo-150x85.jpeg 150w\" sizes=\"auto, (max-width: 1280px) 100vw, 1280px\" \/><\/p>\n<p><strong><em>Resumo da novela &#8220;Te dou a vida&#8221;<\/em><\/strong> em 11\/11: no cap\u00edtulo 039(*) da novela, Andreia n\u00e3o quer acreditar que Helena seja viciada em drogas. Ela se apoia em Irene enquanto o m\u00e9dico sai. O comandante Eduardo est\u00e1 a visitar o seu av\u00f4 na casa de repouso. Irm\u00e3 In\u00eas vem a correr para v\u00ea-lo e ele pega seu celular para lhe mostrar uma foto do orfanato.<\/p>\n<p>Eduardo quer saber se o menino da foto e Ernesto Rioja s\u00e3o a mesma pessoa. Ela diz que acha que n\u00e3o e se ele pensa que sim. Ele diz que precisam saber mais sobre O Outro. Ela diz que vai tentar descobrir o que puder com Dona Isabel.<\/p>\n<p>Hor\u00e1cio rejeita completamente a ideia de Pedro ser um viciado em drogas, pois ele fez o teste antes de doar a medula e diz conhecer o pai e o irm\u00e3o. Hor\u00e1cio afirma que eles s\u00e3o boas pessoas. Andreia rejeita o que diz Hor\u00e1cio e ele acha que isso \u00e9 est\u00fapido enquanto sua filha est\u00e1 em estado cr\u00edtico.<\/p>\n<p>Em outra parte do hospital Pedro fala com Samuel, conta-lhe o que est\u00e1 a acontecer, que a situa\u00e7\u00e3o \u00e9 muito grave e como \u00e9 doloroso ver Helena em coma. Pedro encerra a liga\u00e7\u00e3o ao ver a enfermeira e ela conta sobre os resultados dos exames e a suspeita de intera\u00e7\u00e3o medicamentosa. Ele diz que isso n\u00e3o \u00e9 poss\u00edvel, pois Helena n\u00e3o \u00e9 uma usu\u00e1ria. A enfermeira pergunta se ele realmente conhece sua irm\u00e3. Pedro conta-lhe toda a verdade. Ela concorda em ajudar e receber suas informa\u00e7\u00f5es.<\/p>\n<p>Ernesto e Hor\u00e1cio t\u00eam grandes diverg\u00eancias sobre uma variedade de quest\u00f5es relacionadas a toda esta situa\u00e7\u00e3o, a come\u00e7ar pelo fato de Ernesto negar informa\u00e7\u00f5es m\u00e9dicas aos outros, o que ele alega ter o direito legal de fazer. Hor\u00e1cio ressalta que Helena est\u00e1 a se divorciar dele, algo que Ernesto convenientemente ignora ao dizer que, quando ela voltar a ficar consciente, ele lhe explicar\u00e1 suas a\u00e7\u00f5es.<\/p>\n<p>Ernesto n\u00e3o gosta da ideia de Hor\u00e1cio ser amigo do pai de Pedro, mas Hor\u00e1cio diz que tem liberdade para fazer amigos que quiser. Irene observa os dois. Quando Hor\u00e1cio a olha, ela diz que s\u00f3 quer que Helena fique boa. Hor\u00e1cio sai para ir ao escrit\u00f3rio e deixa Ernesto sozinho com Irene e Andreia. Ele pergunta a Irene se ela cuidaria de Nicolas, pois agora n\u00e3o confia em Gabriela. Ela concorda. Ele liga para casa e a empregada conta que Nicolas e Gabriela sa\u00edram com um amigo dela.<\/p>\n<p>Ernesto quer saber quem \u00e9 este amigo e ela descreve Samuel. Ele interrompe a liga\u00e7\u00e3o e diz a Andreia e Irene que Nicolas est\u00e1 com &#8220;o irm\u00e3o do mec\u00e2nico&#8221;. Ele pergunta se elas o acompanhariam de volta para casa. Irene concorda rapidamente, mas Andreia quer ficar, caso haja uma atualiza\u00e7\u00e3o sobre Helena.<\/p>\n<p>(*) edi\u00e7\u00e3o das novelas do SBT, &#8220;Te dou a vida&#8221;, sujeito a altera\u00e7\u00e3o de data e conte\u00fado.<\/p>\n<p>Sinopse &#8220;Te dou a vida&#8221;: Nicol\u00e1s (Leonardo Herrera) \u00e9 um garoto de apenas seis anos de idade que padece de leucemia, e necessita de um transplante de medula. Elena (Eva Cede\u00f1o) e Ernesto (Jorge Salinas) s\u00e3o um casal e pais adotivos do menino. Diante da situa\u00e7\u00e3o, o casal decide ir atr\u00e1s do pai biol\u00f3gico da crian\u00e7a, Pedro (Jos\u00e9 Ron). Ele ficar\u00e1 comovido ao conhecer o filho e se aproximar\u00e1 dele e da m\u00e3e adotiva de uma forma muito especial.<\/p>\n","protected":false},"excerpt":{"rendered":"<p>Resumo da novela &#8220;Te dou a vida&#8221; em 11\/11: no cap\u00edtulo 039(*) da novela, Andreia n\u00e3o quer acreditar que Helena seja viciada em drogas. Ela se apoia em Irene enquanto o m\u00e9dico sai. O comandante Eduardo est\u00e1 a visitar o seu av\u00f4 na casa de repouso. Irm\u00e3 In\u00eas vem a correr para v\u00ea-lo e ele [&hellip;]<\/p>\n","protected":false},"author":4,"featured_media":210433,"comment_status":"closed","ping_status":"closed","sticky":false,"template":"","format":"standard","meta":{"tdm_status":"","tdm_grid_status":"","footnotes":""},"categories":[379,2025,372,2220,343],"tags":[441],"class_list":{"0":"post-212441","1":"post","2":"type-post","3":"status-publish","4":"format-standard","5":"has-post-thumbnail","7":"category-novelas","8":"category-resumo","9":"category-sbt","10":"category-te-dou-a-vida","11":"category-televisao","12":"tag-resumo-do-dia"},"_links":{"self":[{"href":"https:\/\/migracao.redenoticia.com.br\/noticia\/wp-json\/wp\/v2\/posts\/212441","targetHints":{"allow":["GET"]}}],"collection":[{"href":"https:\/\/migracao.redenoticia.com.br\/noticia\/wp-json\/wp\/v2\/posts"}],"about":[{"href":"https:\/\/migracao.redenoticia.com.br\/noticia\/wp-json\/wp\/v2\/types\/post"}],"author":[{"embeddable":true,"href":"https:\/\/migracao.redenoticia.com.br\/noticia\/wp-json\/wp\/v2\/users\/4"}],"replies":[{"embeddable":true,"href":"https:\/\/migracao.redenoticia.com.br\/noticia\/wp-json\/wp\/v2\/comments?post=212441"}],"version-history":[{"count":0,"href":"https:\/\/migracao.redenoticia.com.br\/noticia\/wp-json\/wp\/v2\/posts\/212441\/revisions"}],"wp:featuredmedia":[{"embeddable":true,"href":"https:\/\/migracao.redenoticia.com.br\/noticia\/wp-json\/wp\/v2\/media\/210433"}],"wp:attachment":[{"href":"https:\/\/migracao.redenoticia.com.br\/noticia\/wp-json\/wp\/v2\/media?parent=212441"}],"wp:term":[{"taxonomy":"category","embeddable":true,"href":"https:\/\/migracao.redenoticia.com.br\/noticia\/wp-json\/wp\/v2\/categories?post=212441"},{"taxonomy":"post_tag","embeddable":true,"href":"https:\/\/migracao.redenoticia.com.br\/noticia\/wp-json\/wp\/v2\/tags?post=212441"}],"curies":[{"name":"wp","href":"https:\/\/api.w.org\/{rel}","templated":true}]}}