{"id":212488,"date":"2021-11-11T12:44:06","date_gmt":"2021-11-11T15:44:06","guid":{"rendered":"https:\/\/www.redenoticia.com.br\/noticia\/?p=212488"},"modified":"2021-11-11T12:44:06","modified_gmt":"2021-11-11T15:44:06","slug":"resumo-coracao-indomavel-12-11-clementina-deseja-adotar-maricruz-como-filha","status":"publish","type":"post","link":"https:\/\/migracao.redenoticia.com.br\/noticia\/2021\/resumo-coracao-indomavel-12-11-clementina-deseja-adotar-maricruz-como-filha\/212488","title":{"rendered":"Resumo &#8220;Cora\u00e7\u00e3o Indom\u00e1vel&#8221; 12\/11: Clementina deseja adotar Maricruz como filha"},"content":{"rendered":"<p><img loading=\"lazy\" decoding=\"async\" class=\"aligncenter size-full wp-image-206134\" src=\"https:\/\/migracao.redenoticia.com.br\/noticia\/imagens\/coracao-indomavel-resumo-novela-elenco.jpeg\" alt=\"\" width=\"1280\" height=\"720\" srcset=\"https:\/\/migracao.redenoticia.com.br\/noticia\/imagens\/coracao-indomavel-resumo-novela-elenco.jpeg 1280w, https:\/\/migracao.redenoticia.com.br\/noticia\/imagens\/coracao-indomavel-resumo-novela-elenco-250x140.jpeg 250w, https:\/\/migracao.redenoticia.com.br\/noticia\/imagens\/coracao-indomavel-resumo-novela-elenco-400x225.jpeg 400w, https:\/\/migracao.redenoticia.com.br\/noticia\/imagens\/coracao-indomavel-resumo-novela-elenco-768x432.jpeg 768w, https:\/\/migracao.redenoticia.com.br\/noticia\/imagens\/coracao-indomavel-resumo-novela-elenco-150x85.jpeg 150w\" sizes=\"auto, (max-width: 1280px) 100vw, 1280px\" \/><\/p>\n<p><strong><em>Resumo da novela &#8220;Cora\u00e7\u00e3o Indom\u00e1vel&#8221;<\/em><\/strong> em 12\/11: no cap\u00edtulo 124(*) da novela, Doris entra no quarto de Ot\u00e1vio sem pedir permiss\u00e3o. Batem na porta e Ot\u00e1vio esconde Doris no banheiro. Afonso entra e percebe que o quarto est\u00e1 com perfume de mulher. Clementina diz a Maricruz que tem muito carinho por ela e gostaria de adot\u00e1-la como filha. Afonso tenta sair do quarto de Ot\u00e1vio, que tenta o impedir, mas Doris n\u00e3o permite. Celia fica escandalizada ao ouvir Clementina dizer que Maricruz \u00e9 como sua filha e pedir a Mercedes que a veja como um membro da familia.<\/p>\n<p>Ot\u00e1vio diz a Afonso que n\u00e3o suporta Doris e pede que ele tente conquist\u00e1-la de vez. Celia diz a Clementina que certamente Afonso e Maricruz ir\u00e3o se entender. Mercedes conversa com Maricruz com as amigas, e a pergunta se ela se sente atra\u00edda por Afonso. Celia diz a Clementina que Mercedes e Afonso, j\u00e1 casados, viver\u00e3o na casa dela para que possa supervision\u00e1-los. Maricruz pergunta a Mercedes a raz\u00e3o pela qual se interessou por Afonso.<\/p>\n<p>Mercedes se imp\u00f5e perante C\u00e9lia<\/p>\n<p>Maricruz aconselha Mercedes a se deixar presentear por homens ricos e se aproveitar de sua beleza. Maricruz diz a Mercedes que pe\u00e7a permiss\u00e3o a C\u00e9lia para procurar algu\u00e9m que a ajude a mudar de apar\u00eancia. Joaninha diz a Maricruz que em respeito a Ot\u00e1vio e Doris, \u00e9 prov\u00e1vel que as coisas n\u00e3o saiam como ela pensa. Maricruz diz que a decep\u00e7\u00e3o que sofreu com Ot\u00e1vio n\u00e3o tem desculpas. Maricruz pede a Clementina que convide Mercedes para passar uma semana com elas. Joaninha d\u00e1 a Ot\u00e1vio o n\u00famero da casa de Clementina, onde trabalha Maricruz. Mercedes se imp\u00f5e perante C\u00e9lia e diz a ela que ficar\u00e1 uma semana na casa de Clementina.<\/p>\n<p>Maricruz se surpreende ao receber um telefonema de Ot\u00e1vio e, sem saber o que dizer, joga o telefone no sof\u00e1. Afonso diz a Jo\u00e3o Jos\u00e9 que est\u00e1 certo de que conseguir\u00e1 fazer de Maricruz o que quiser. Maricruz se apresenta no est\u00fadio de Afonso para que ele comece seu quadro. Maricruz diz a Afonso que, se ela quiser, faria com que Ot\u00e1vio deixasse Doris de novo. Clementina diz a Afonso que sua fam\u00edlia se encontra na ru\u00edna e que Mercedes seria sua salva\u00e7\u00e3o. Maricruz chega \u00e0 casa antes do habitual e Joaninha fica nervosa. Nesse momento chamam na porta e Lupita, emocionada, pensa que \u00e9 Ot\u00e1vio e diz \u201cpapai\u201d.<\/p>\n<p>(*) edi\u00e7\u00e3o das novelas do SBT, &#8220;Cora\u00e7\u00e3o Indom\u00e1vel&#8221;, sujeito a altera\u00e7\u00e3o de data e conte\u00fado.<\/p>\n<p>Sinopse &#8220;Cora\u00e7\u00e3o Indom\u00e1vel&#8221;: A novela conta a hist\u00f3ria da pobre Maricruz que, ap\u00f3s ter sido abandonada pelo marido, decide se vingar daqueles que a humilharam. Ela descobre ser filha de um homem rico, tornando-se uma mulher da alta sociedade.<\/p>\n","protected":false},"excerpt":{"rendered":"<p>Resumo da novela &#8220;Cora\u00e7\u00e3o Indom\u00e1vel&#8221; em 12\/11: no cap\u00edtulo 124(*) da novela, Doris entra no quarto de Ot\u00e1vio sem pedir permiss\u00e3o. Batem na porta e Ot\u00e1vio esconde Doris no banheiro. Afonso entra e percebe que o quarto est\u00e1 com perfume de mulher. Clementina diz a Maricruz que tem muito carinho por ela e gostaria de [&hellip;]<\/p>\n","protected":false},"author":4,"featured_media":206133,"comment_status":"closed","ping_status":"closed","sticky":false,"template":"","format":"standard","meta":{"tdm_status":"","tdm_grid_status":"","footnotes":""},"categories":[2200,379,2025,372,343],"tags":[441],"class_list":{"0":"post-212488","1":"post","2":"type-post","3":"status-publish","4":"format-standard","5":"has-post-thumbnail","7":"category-coracao-indomavel","8":"category-novelas","9":"category-resumo","10":"category-sbt","11":"category-televisao","12":"tag-resumo-do-dia"},"_links":{"self":[{"href":"https:\/\/migracao.redenoticia.com.br\/noticia\/wp-json\/wp\/v2\/posts\/212488","targetHints":{"allow":["GET"]}}],"collection":[{"href":"https:\/\/migracao.redenoticia.com.br\/noticia\/wp-json\/wp\/v2\/posts"}],"about":[{"href":"https:\/\/migracao.redenoticia.com.br\/noticia\/wp-json\/wp\/v2\/types\/post"}],"author":[{"embeddable":true,"href":"https:\/\/migracao.redenoticia.com.br\/noticia\/wp-json\/wp\/v2\/users\/4"}],"replies":[{"embeddable":true,"href":"https:\/\/migracao.redenoticia.com.br\/noticia\/wp-json\/wp\/v2\/comments?post=212488"}],"version-history":[{"count":0,"href":"https:\/\/migracao.redenoticia.com.br\/noticia\/wp-json\/wp\/v2\/posts\/212488\/revisions"}],"wp:featuredmedia":[{"embeddable":true,"href":"https:\/\/migracao.redenoticia.com.br\/noticia\/wp-json\/wp\/v2\/media\/206133"}],"wp:attachment":[{"href":"https:\/\/migracao.redenoticia.com.br\/noticia\/wp-json\/wp\/v2\/media?parent=212488"}],"wp:term":[{"taxonomy":"category","embeddable":true,"href":"https:\/\/migracao.redenoticia.com.br\/noticia\/wp-json\/wp\/v2\/categories?post=212488"},{"taxonomy":"post_tag","embeddable":true,"href":"https:\/\/migracao.redenoticia.com.br\/noticia\/wp-json\/wp\/v2\/tags?post=212488"}],"curies":[{"name":"wp","href":"https:\/\/api.w.org\/{rel}","templated":true}]}}