{"id":212667,"date":"2021-11-17T16:34:24","date_gmt":"2021-11-17T19:34:24","guid":{"rendered":"https:\/\/www.redenoticia.com.br\/noticia\/?p=212667"},"modified":"2021-11-17T16:34:24","modified_gmt":"2021-11-17T19:34:24","slug":"resumo-coracao-indomavel-18-11-otavio-encontra-afonso-morto","status":"publish","type":"post","link":"https:\/\/migracao.redenoticia.com.br\/noticia\/2021\/resumo-coracao-indomavel-18-11-otavio-encontra-afonso-morto\/212667","title":{"rendered":"Resumo &#8220;Cora\u00e7\u00e3o Indom\u00e1vel&#8221; 18\/11: Ot\u00e1vio encontra Afonso morto"},"content":{"rendered":"<p><img loading=\"lazy\" decoding=\"async\" class=\"aligncenter size-full wp-image-206134\" src=\"https:\/\/migracao.redenoticia.com.br\/noticia\/imagens\/coracao-indomavel-resumo-novela-elenco.jpeg\" alt=\"\" width=\"1280\" height=\"720\" srcset=\"https:\/\/migracao.redenoticia.com.br\/noticia\/imagens\/coracao-indomavel-resumo-novela-elenco.jpeg 1280w, https:\/\/migracao.redenoticia.com.br\/noticia\/imagens\/coracao-indomavel-resumo-novela-elenco-250x140.jpeg 250w, https:\/\/migracao.redenoticia.com.br\/noticia\/imagens\/coracao-indomavel-resumo-novela-elenco-400x225.jpeg 400w, https:\/\/migracao.redenoticia.com.br\/noticia\/imagens\/coracao-indomavel-resumo-novela-elenco-768x432.jpeg 768w, https:\/\/migracao.redenoticia.com.br\/noticia\/imagens\/coracao-indomavel-resumo-novela-elenco-150x85.jpeg 150w\" sizes=\"auto, (max-width: 1280px) 100vw, 1280px\" \/><\/p>\n<p><strong><em>Resumo da novela &#8220;Cora\u00e7\u00e3o Indom\u00e1vel&#8221;<\/em><\/strong> em 18\/11: no cap\u00edtulo 128(*) da novela, An\u00edbal se desespera ao descobrir que seu quadro n\u00e3o est\u00e1 mais na galeria e diz ao inspetor de pol\u00edcia e ao agente Gim\u00e9nez que o ajude a recuperar seu quadro \u201cLibera\u00e7\u00e3o\u201d. Doris diz a Ot\u00e1vio que roubaram o quadro de An\u00edbal da exposi\u00e7\u00e3o de Afonso. O Inspetor e o agente suspeitam que o roubo do quadro foi uma jogada de Afonso para gerar publicidade para a exposi\u00e7\u00e3o. Maricruz diz a Joaninha que seria melhor irem embora da cidade e come\u00e7ar uma nova vida em um local onde ningu\u00e9m as conhe\u00e7a.<\/p>\n<p>Doris diz a Ot\u00e1vio que Afonso substituiu o quadro \u201cA Dama\u201d pelo quadro \u201cA Dama Nua\u201d. Ot\u00e1vio se decepciona com Maricruz. Na casa de Clementina, Celia, furiosa, diz que deixar\u00e1 que Mercedes e Afonso se casem, mas nunca os apoiar\u00e1 economicamente. Ot\u00e1vio pensa em matar Afonso. Afonso diz ao agente de pol\u00edcia que n\u00e3o sabe nada do quadro \u201cLibera\u00e7\u00e3o\u201d. O agente diz que n\u00e3o vale a pena mobilizar toda a pol\u00edcia pela busca do quadro, j\u00e1 que ele n\u00e3o tem um valor muito elevado.<\/p>\n<p>No apartamento de Afonso, An\u00edbal amea\u00e7a Afonso com uma navalha. Afonso diz que vendeu o quadro por cento e cinquenta mil reais e que o homem que o comprou reside na Alemanha. An\u00edbal diz que o quadro valia mais de trezentos mil. An\u00edbal golpeia Afonso com a navalha e sai do apartamento. Afonso fica inconsciente no ch\u00e3o ensanguentado. Ot\u00e1vio entra no apartamento de Afonso e o encontra morto.<\/p>\n<p>Ao sair se encontra com Jo\u00e3o Jos\u00e9 e diz a ele que Afonso est\u00e1 no ch\u00e3o apunhalado mortalmente. Jo\u00e3o Jos\u00e9 culpa Ot\u00e1vio pelo assassinato de Afonso. Clementina recebe por telefone a informa\u00e7\u00e3o da morte de Afonso e cai desmaiada. Rita diz a Francisco que acredita que Afonso est\u00e1 ferido em seu est\u00fadio. Francisco e Mercedes saem. Um agente de pol\u00edcia prende Ot\u00e1vio pelo assassinato de Afonso. Doris \u00e9 informada da deten\u00e7\u00e3o de Ot\u00e1vio.<\/p>\n<p>(*) edi\u00e7\u00e3o das novelas do SBT, &#8220;Cora\u00e7\u00e3o Indom\u00e1vel&#8221;, sujeito a altera\u00e7\u00e3o de data e conte\u00fado.<\/p>\n<p>Sinopse &#8220;Cora\u00e7\u00e3o Indom\u00e1vel&#8221;: A novela conta a hist\u00f3ria da pobre Maricruz que, ap\u00f3s ter sido abandonada pelo marido, decide se vingar daqueles que a humilharam. Ela descobre ser filha de um homem rico, tornando-se uma mulher da alta sociedade.<\/p>\n","protected":false},"excerpt":{"rendered":"<p>Resumo da novela &#8220;Cora\u00e7\u00e3o Indom\u00e1vel&#8221; em 18\/11: no cap\u00edtulo 128(*) da novela, An\u00edbal se desespera ao descobrir que seu quadro n\u00e3o est\u00e1 mais na galeria e diz ao inspetor de pol\u00edcia e ao agente Gim\u00e9nez que o ajude a recuperar seu quadro \u201cLibera\u00e7\u00e3o\u201d. Doris diz a Ot\u00e1vio que roubaram o quadro de An\u00edbal da exposi\u00e7\u00e3o [&hellip;]<\/p>\n","protected":false},"author":4,"featured_media":206133,"comment_status":"closed","ping_status":"closed","sticky":false,"template":"","format":"standard","meta":{"tdm_status":"","tdm_grid_status":"","footnotes":""},"categories":[2200,379,2025,372,343],"tags":[441],"class_list":{"0":"post-212667","1":"post","2":"type-post","3":"status-publish","4":"format-standard","5":"has-post-thumbnail","7":"category-coracao-indomavel","8":"category-novelas","9":"category-resumo","10":"category-sbt","11":"category-televisao","12":"tag-resumo-do-dia"},"_links":{"self":[{"href":"https:\/\/migracao.redenoticia.com.br\/noticia\/wp-json\/wp\/v2\/posts\/212667","targetHints":{"allow":["GET"]}}],"collection":[{"href":"https:\/\/migracao.redenoticia.com.br\/noticia\/wp-json\/wp\/v2\/posts"}],"about":[{"href":"https:\/\/migracao.redenoticia.com.br\/noticia\/wp-json\/wp\/v2\/types\/post"}],"author":[{"embeddable":true,"href":"https:\/\/migracao.redenoticia.com.br\/noticia\/wp-json\/wp\/v2\/users\/4"}],"replies":[{"embeddable":true,"href":"https:\/\/migracao.redenoticia.com.br\/noticia\/wp-json\/wp\/v2\/comments?post=212667"}],"version-history":[{"count":0,"href":"https:\/\/migracao.redenoticia.com.br\/noticia\/wp-json\/wp\/v2\/posts\/212667\/revisions"}],"wp:featuredmedia":[{"embeddable":true,"href":"https:\/\/migracao.redenoticia.com.br\/noticia\/wp-json\/wp\/v2\/media\/206133"}],"wp:attachment":[{"href":"https:\/\/migracao.redenoticia.com.br\/noticia\/wp-json\/wp\/v2\/media?parent=212667"}],"wp:term":[{"taxonomy":"category","embeddable":true,"href":"https:\/\/migracao.redenoticia.com.br\/noticia\/wp-json\/wp\/v2\/categories?post=212667"},{"taxonomy":"post_tag","embeddable":true,"href":"https:\/\/migracao.redenoticia.com.br\/noticia\/wp-json\/wp\/v2\/tags?post=212667"}],"curies":[{"name":"wp","href":"https:\/\/api.w.org\/{rel}","templated":true}]}}