{"id":2127,"date":"2009-05-30T10:51:43","date_gmt":"2009-05-30T14:51:43","guid":{"rendered":"http:\/\/www.redenoticia.com.br\/noticia\/?p=2127"},"modified":"2009-06-03T22:33:02","modified_gmt":"2009-06-04T02:33:02","slug":"pec-dos-vereadores-de-volta-a-ccj","status":"publish","type":"post","link":"https:\/\/migracao.redenoticia.com.br\/noticia\/2009\/pec-dos-vereadores-de-volta-a-ccj\/2127","title":{"rendered":"PEC dos vereadores de volta \u00e0 CCJ"},"content":{"rendered":"<p><span style=\"font-size: 11pt; font-family: Arial;\"><a href=\"https:\/\/migracao.redenoticia.com.br\/noticia\/imagens\/\/pec1.jpg\"><img loading=\"lazy\" decoding=\"async\" class=\"alignleft size-medium wp-image-2126\" title=\"pec1\" src=\"https:\/\/migracao.redenoticia.com.br\/noticia\/imagens\/\/pec1-249x187.jpg\" alt=\"pec1\" width=\"249\" height=\"187\" \/><\/a>O senador Tasso Jereissati (PSDB-CE) apresentou em Plen\u00e1rio, nesta quinta-feira (28), emenda \u00e0 <a href=\"http:\/\/www.senado.gov.br\/sf\/atividade\/materia\/detalhes.asp?p_cod_mate=88892\" target=\"_blank\">Proposta de Emenda Constitucional n\u00ba 47\/08<\/a>, conhecida com &#8220;PEC dos vereadores&#8221;, o que obrigar\u00e1 a mat\u00e9ria a retornar na pr\u00f3xima semana \u00e0 Comiss\u00e3o de Constitui\u00e7\u00e3o, Justi\u00e7a e Cidadania (CCJ). A comiss\u00e3o ter\u00e1 de dar parecer sobre a emenda. De qualquer forma, a PEC 47\/08 constar\u00e1 da pauta do Plen\u00e1rio nas pr\u00f3ximas ter\u00e7a e quarta (dias 2 e 3), para terminar a discuss\u00e3o de primeiro turno.<\/span><\/p>\n<p><span style=\"font-size: 11pt; font-family: Arial;\">A &#8220;PEC dos vereadores&#8221; modifica os limites de gastos dos munic\u00edpios com as c\u00e2maras de vereadores. No geral, ela reduz de um a tr\u00eas pontos percentuais os limites, que s\u00e3o baseados nas receitas municipais. A emenda do senador Tasso quer criar oito faixas de percentuais, cada uma para munic\u00edpio com determinada popula\u00e7\u00e3o &#8211; hoje, existem quatro faixas ( artigo 29-A da Constitui\u00e7\u00e3o). <\/span><\/p>\n<p><span style=\"font-size: 11pt; font-family: Arial;\">Durante a discuss\u00e3o da mat\u00e9ria, ap\u00f3s a leitura da emenda de Jereissati, o senador Her\u00e1clito Fortes (DEM-PI) questionou o presidente do Senado, Jos\u00e9 Sarney, se n\u00e3o existe a possibilidade de se convocar sess\u00f5es extraordin\u00e1rias do Senado para acelerar a vota\u00e7\u00e3o da PEC 47\/08. Sarney ponderou que isso s\u00f3 pode ocorrer se todos os l\u00edderes de partido assinarem requerimento com essa finalidade. Como n\u00e3o h\u00e1 acordo sobre a mat\u00e9ria, ela segue sua tramita\u00e7\u00e3o normal. Ou seja, ela tem de ser discutida em Plen\u00e1rio por cinco sess\u00f5es (nesta quinta, foi realizada a terceira discuss\u00e3o). Com a emenda de Jereissati, ela ter\u00e1 de passar novamente pela CCJ antes da vota\u00e7\u00e3o de primeiro turno. Depois disso, haver\u00e1 ainda um segundo turno, ap\u00f3s tr\u00eas sess\u00f5es de discuss\u00e3o.<\/span><\/p>\n<p class=\"MsoNormal\"><span class=\"nomejornalista\"><span style=\"font-size: 11pt; font-family: Arial;\">Eli Teixeira \/ Ag\u00eancia Senado<\/span><\/span><span style=\"font-size: 11pt; font-family: Arial;\"><\/span><\/p>\n","protected":false},"excerpt":{"rendered":"<p>O senador Tasso Jereissati (PSDB-CE) apresentou em Plen\u00e1rio, nesta quinta-feira (28), emenda \u00e0 Proposta de Emenda Constitucional n\u00ba 47\/08, conhecida com &#8220;PEC dos vereadores&#8221;, o que obrigar\u00e1 a mat\u00e9ria a retornar na pr\u00f3xima semana \u00e0 Comiss\u00e3o de Constitui\u00e7\u00e3o, Justi\u00e7a e Cidadania (CCJ). A comiss\u00e3o ter\u00e1 de dar parecer sobre a emenda. De qualquer forma, a [&hellip;]<\/p>\n","protected":false},"author":3,"featured_media":0,"comment_status":"open","ping_status":"open","sticky":false,"template":"","format":"standard","meta":{"tdm_status":"","tdm_grid_status":"","footnotes":""},"categories":[22],"tags":[],"class_list":{"0":"post-2127","1":"post","2":"type-post","3":"status-publish","4":"format-standard","6":"category-brasil"},"_links":{"self":[{"href":"https:\/\/migracao.redenoticia.com.br\/noticia\/wp-json\/wp\/v2\/posts\/2127","targetHints":{"allow":["GET"]}}],"collection":[{"href":"https:\/\/migracao.redenoticia.com.br\/noticia\/wp-json\/wp\/v2\/posts"}],"about":[{"href":"https:\/\/migracao.redenoticia.com.br\/noticia\/wp-json\/wp\/v2\/types\/post"}],"author":[{"embeddable":true,"href":"https:\/\/migracao.redenoticia.com.br\/noticia\/wp-json\/wp\/v2\/users\/3"}],"replies":[{"embeddable":true,"href":"https:\/\/migracao.redenoticia.com.br\/noticia\/wp-json\/wp\/v2\/comments?post=2127"}],"version-history":[{"count":0,"href":"https:\/\/migracao.redenoticia.com.br\/noticia\/wp-json\/wp\/v2\/posts\/2127\/revisions"}],"wp:attachment":[{"href":"https:\/\/migracao.redenoticia.com.br\/noticia\/wp-json\/wp\/v2\/media?parent=2127"}],"wp:term":[{"taxonomy":"category","embeddable":true,"href":"https:\/\/migracao.redenoticia.com.br\/noticia\/wp-json\/wp\/v2\/categories?post=2127"},{"taxonomy":"post_tag","embeddable":true,"href":"https:\/\/migracao.redenoticia.com.br\/noticia\/wp-json\/wp\/v2\/tags?post=2127"}],"curies":[{"name":"wp","href":"https:\/\/api.w.org\/{rel}","templated":true}]}}