{"id":212706,"date":"2021-11-18T11:15:23","date_gmt":"2021-11-18T14:15:23","guid":{"rendered":"https:\/\/www.redenoticia.com.br\/noticia\/?p=212706"},"modified":"2021-11-18T11:15:23","modified_gmt":"2021-11-18T14:15:23","slug":"resumo-coracao-indomavel-19-11-maricruz-e-transferida-para-o-presidio-de-mulheres","status":"publish","type":"post","link":"https:\/\/migracao.redenoticia.com.br\/noticia\/2021\/resumo-coracao-indomavel-19-11-maricruz-e-transferida-para-o-presidio-de-mulheres\/212706","title":{"rendered":"Resumo &#8220;Cora\u00e7\u00e3o Indom\u00e1vel&#8221; 19\/11: Maricruz \u00e9 transferida para o presidio de mulheres"},"content":{"rendered":"<p><img loading=\"lazy\" decoding=\"async\" class=\"aligncenter size-full wp-image-206134\" src=\"https:\/\/migracao.redenoticia.com.br\/noticia\/imagens\/coracao-indomavel-resumo-novela-elenco.jpeg\" alt=\"\" width=\"1280\" height=\"720\" srcset=\"https:\/\/migracao.redenoticia.com.br\/noticia\/imagens\/coracao-indomavel-resumo-novela-elenco.jpeg 1280w, https:\/\/migracao.redenoticia.com.br\/noticia\/imagens\/coracao-indomavel-resumo-novela-elenco-250x140.jpeg 250w, https:\/\/migracao.redenoticia.com.br\/noticia\/imagens\/coracao-indomavel-resumo-novela-elenco-400x225.jpeg 400w, https:\/\/migracao.redenoticia.com.br\/noticia\/imagens\/coracao-indomavel-resumo-novela-elenco-768x432.jpeg 768w, https:\/\/migracao.redenoticia.com.br\/noticia\/imagens\/coracao-indomavel-resumo-novela-elenco-150x85.jpeg 150w\" sizes=\"auto, (max-width: 1280px) 100vw, 1280px\" \/><\/p>\n<p><strong><em>Resumo da novela &#8220;Cora\u00e7\u00e3o Indom\u00e1vel&#8221;<\/em><\/strong> em 19\/11: no cap\u00edtulo 129(*) da novela, Maricruz diz que \u00e9 a culpada pelo assassinato de Afonso e \u00e9 presa. Ot\u00e1vio diz a Doris que n\u00e3o est\u00e1 feliz por estar livre, pois Maricruz se declarou culpada. Joaninha leva Lupita a Ot\u00e1vio e lhe diz que Maricruz n\u00e3o matou Afonso, mas se declarou culpada s\u00f3 para salv\u00e1-lo. Clementina pede a Francisco que use todos os seus recursos para que Maricruz n\u00e3o saia da cadeia. Mercedes condena Maricruz pela morte de Afonso. Ot\u00e1vio prop\u00f5e casamento a D\u00f3ris caso ela contrate um bom advogado para tirar Maricruz da cadeia.<\/p>\n<p>Na delegacia, o advogado Navarro se apresenta a Maricruz como seu representante e diz que foi Ot\u00e1vio quem o contratou. Bernardo informa Maricruz que ela ser\u00e1 transferida para um pres\u00eddio de mulheres. Doris adverte Ot\u00e1vio que se em algum momento a chamarem, ela ser\u00e1 uma das testemunhas de acusa\u00e7\u00e3o a Maricruz. Perante o juiz, Maricruz reafirma ter matado Afonso. Maricruz \u00e9 transferida para o pres\u00eddio de mulheres. Ot\u00e1vio duvida da inoc\u00eancia de Maricruz. O advogado Navarro informa a Ot\u00e1vio que Maricruz j\u00e1 est\u00e1 reclusa no pres\u00eddio de Mulheres.<\/p>\n<p>Carmela oferece ajuda a Carol<\/p>\n<p>O advogado Navarro diz a Ot\u00e1vio que o caso de Maricruz \u00e9 muito dif\u00edcil, pois ela mesma se declarou culpada. Dessa forma, ele apenas tentar\u00e1 fazer com que ela fique o menor tempo poss\u00edvel na cadeia. O padre J\u00falio mostra a \u00c1lvaro um jornal onde aparece Maricruz sendo acusada de assassinato. Na cadeia, Dominga leva Maricruz a sua cela e lembra que ela deve obedecer ao regulamento, porque os castigos para as rebeldes s\u00e3o bem severos. \u00c1lvaro decide investigar a situa\u00e7\u00e3o de Maricruz para saber se pode ajud\u00e1-la.<\/p>\n<p>Pedro se surpreende ao saber que Maricruz est\u00e1 na cadeia. Em sua cela, Carol reconhece Maricruz. Nilda promete a Mudinha que ajudar\u00e1 Maricruz a se livrar da cadeia, pois sabe que ela \u00e9 inocente. Maricruz pede a Carol que n\u00e3o lhe dirija a palavra, porque n\u00e3o deseja ter trato com ela. Na fazenda de Simone, Jos\u00e9 Antonio cai do cavalo e \u00e9 arrastado pelo mesmo, Santa e Amador veem a cena e decidem lev\u00e1-lo a sua casa. Carol adverte Maricruz dizendo que n\u00e3o a deixar\u00e1 em paz. No hospital, o Doutor Guerra diz a Esther que Jos\u00e9 Antonio corre risco de vida por causa do forte golpe que recebeu. Carol diz a Maricruz que ela tamb\u00e9m est\u00e1 na cadeia por assassinato.<\/p>\n<p>(*) edi\u00e7\u00e3o das novelas do SBT, &#8220;Cora\u00e7\u00e3o Indom\u00e1vel&#8221;, sujeito a altera\u00e7\u00e3o de data e conte\u00fado.<\/p>\n<p>Sinopse &#8220;Cora\u00e7\u00e3o Indom\u00e1vel&#8221;: A novela conta a hist\u00f3ria da pobre Maricruz que, ap\u00f3s ter sido abandonada pelo marido, decide se vingar daqueles que a humilharam. Ela descobre ser filha de um homem rico, tornando-se uma mulher da alta sociedade.<\/p>\n","protected":false},"excerpt":{"rendered":"<p>Resumo da novela &#8220;Cora\u00e7\u00e3o Indom\u00e1vel&#8221; em 19\/11: no cap\u00edtulo 129(*) da novela, Maricruz diz que \u00e9 a culpada pelo assassinato de Afonso e \u00e9 presa. Ot\u00e1vio diz a Doris que n\u00e3o est\u00e1 feliz por estar livre, pois Maricruz se declarou culpada. Joaninha leva Lupita a Ot\u00e1vio e lhe diz que Maricruz n\u00e3o matou Afonso, mas [&hellip;]<\/p>\n","protected":false},"author":4,"featured_media":206133,"comment_status":"closed","ping_status":"closed","sticky":false,"template":"","format":"standard","meta":{"tdm_status":"","tdm_grid_status":"","footnotes":""},"categories":[2200,379,2025,372,343],"tags":[441],"class_list":{"0":"post-212706","1":"post","2":"type-post","3":"status-publish","4":"format-standard","5":"has-post-thumbnail","7":"category-coracao-indomavel","8":"category-novelas","9":"category-resumo","10":"category-sbt","11":"category-televisao","12":"tag-resumo-do-dia"},"_links":{"self":[{"href":"https:\/\/migracao.redenoticia.com.br\/noticia\/wp-json\/wp\/v2\/posts\/212706","targetHints":{"allow":["GET"]}}],"collection":[{"href":"https:\/\/migracao.redenoticia.com.br\/noticia\/wp-json\/wp\/v2\/posts"}],"about":[{"href":"https:\/\/migracao.redenoticia.com.br\/noticia\/wp-json\/wp\/v2\/types\/post"}],"author":[{"embeddable":true,"href":"https:\/\/migracao.redenoticia.com.br\/noticia\/wp-json\/wp\/v2\/users\/4"}],"replies":[{"embeddable":true,"href":"https:\/\/migracao.redenoticia.com.br\/noticia\/wp-json\/wp\/v2\/comments?post=212706"}],"version-history":[{"count":0,"href":"https:\/\/migracao.redenoticia.com.br\/noticia\/wp-json\/wp\/v2\/posts\/212706\/revisions"}],"wp:featuredmedia":[{"embeddable":true,"href":"https:\/\/migracao.redenoticia.com.br\/noticia\/wp-json\/wp\/v2\/media\/206133"}],"wp:attachment":[{"href":"https:\/\/migracao.redenoticia.com.br\/noticia\/wp-json\/wp\/v2\/media?parent=212706"}],"wp:term":[{"taxonomy":"category","embeddable":true,"href":"https:\/\/migracao.redenoticia.com.br\/noticia\/wp-json\/wp\/v2\/categories?post=212706"},{"taxonomy":"post_tag","embeddable":true,"href":"https:\/\/migracao.redenoticia.com.br\/noticia\/wp-json\/wp\/v2\/tags?post=212706"}],"curies":[{"name":"wp","href":"https:\/\/api.w.org\/{rel}","templated":true}]}}