{"id":212845,"date":"2021-11-22T16:31:10","date_gmt":"2021-11-22T19:31:10","guid":{"rendered":"https:\/\/www.redenoticia.com.br\/noticia\/?p=212845"},"modified":"2021-11-22T16:31:10","modified_gmt":"2021-11-22T19:31:10","slug":"resumo-um-lugar-ao-sol-23-11-maria-fernanda-revela-a-christian-renato-que-ele-e-pai-de-seu-filho","status":"publish","type":"post","link":"https:\/\/migracao.redenoticia.com.br\/noticia\/2021\/resumo-um-lugar-ao-sol-23-11-maria-fernanda-revela-a-christian-renato-que-ele-e-pai-de-seu-filho\/212845","title":{"rendered":"Resumo &#8220;Um Lugar ao Sol&#8221; 23\/11: Maria Fernanda revela a Christian\/Renato que ele \u00e9 pai de seu filho"},"content":{"rendered":"<p><img loading=\"lazy\" decoding=\"async\" class=\"aligncenter size-full wp-image-212131\" src=\"https:\/\/migracao.redenoticia.com.br\/noticia\/imagens\/um-lugar-ao-sol-resumo-novela-globo-personagens-caua.jpg\" alt=\"\" width=\"1280\" height=\"720\" srcset=\"https:\/\/migracao.redenoticia.com.br\/noticia\/imagens\/um-lugar-ao-sol-resumo-novela-globo-personagens-caua.jpg 1280w, https:\/\/migracao.redenoticia.com.br\/noticia\/imagens\/um-lugar-ao-sol-resumo-novela-globo-personagens-caua-250x140.jpg 250w, https:\/\/migracao.redenoticia.com.br\/noticia\/imagens\/um-lugar-ao-sol-resumo-novela-globo-personagens-caua-400x225.jpg 400w, https:\/\/migracao.redenoticia.com.br\/noticia\/imagens\/um-lugar-ao-sol-resumo-novela-globo-personagens-caua-768x432.jpg 768w, https:\/\/migracao.redenoticia.com.br\/noticia\/imagens\/um-lugar-ao-sol-resumo-novela-globo-personagens-caua-150x85.jpg 150w\" sizes=\"auto, (max-width: 1280px) 100vw, 1280px\" \/><\/p>\n<p><strong><em>Resumo da novela &#8220;Um Lugar ao Sol&#8221;<\/em><\/strong> em 23\/11: no cap\u00edtulo 014(*) da novela, Avany passa mal ao ver Christian\/Renato, e Luzia explica a Avany que o rapaz \u00e9 irm\u00e3o g\u00eameo de Christian. Christian\/Renato pede para visitar Romero. A diretora da escola comunica a Noca e Dalva que elas n\u00e3o poder\u00e3o mais assistir \u00e0s aulas, a pedido dos pais dos alunos.<\/p>\n<p>Joy resolve sair para se divertir, enquanto Ravi cuida de Francisco. Ilana comenta com Rebeca que pensa em descongelar seus \u00f3vulos. Nicole escuta os amigos de Naldo debocharem do seu aspecto f\u00edsico. Joy desabafa com Adel sobre sua falta de jeito com Francisco. Breno fotografa Cec\u00edlia.<\/p>\n<p>Santiago presenteia Christian\/Renato com a caneta que foi de seu pai e afirma que ele ser\u00e1 seu sucessor. Maria Fernanda revela a Christian\/Renato que ele \u00e9 pai de seu filho.<\/p>\n<p>(*) edi\u00e7\u00e3o das novelas da Globo, &#8220;Um Lugar ao Sol&#8221;, sujeito a altera\u00e7\u00e3o de data e conte\u00fado.<\/p>\n<p>Sinopse &#8220;Um Lugar ao Sol&#8221;: Christian assume a personalidade e o comportamento do irm\u00e3o morto. Decidido a deixar o passado para tr\u00e1s, assume a identidade de Renato, tendo Ravi como \u00fanico confidente. Ele v\u00ea seu grande amor, Lara, enterrar o corpo que supostamente seria seu e segue rumo a uma nova vida, tendo que lidar com as consequ\u00eancias de sua escolha.<\/p>\n","protected":false},"excerpt":{"rendered":"<p>Resumo da novela &#8220;Um Lugar ao Sol&#8221; em 23\/11: no cap\u00edtulo 014(*) da novela, Avany passa mal ao ver Christian\/Renato, e Luzia explica a Avany que o rapaz \u00e9 irm\u00e3o g\u00eameo de Christian. Christian\/Renato pede para visitar Romero. A diretora da escola comunica a Noca e Dalva que elas n\u00e3o poder\u00e3o mais assistir \u00e0s aulas, [&hellip;]<\/p>\n","protected":false},"author":4,"featured_media":212132,"comment_status":"closed","ping_status":"closed","sticky":false,"template":"","format":"standard","meta":{"tdm_status":"","tdm_grid_status":"","footnotes":""},"categories":[379,375,2025,343,2223],"tags":[441],"class_list":{"0":"post-212845","1":"post","2":"type-post","3":"status-publish","4":"format-standard","5":"has-post-thumbnail","7":"category-novelas","8":"category-rede-globo","9":"category-resumo","10":"category-televisao","11":"category-um-lugar-ao-sol","12":"tag-resumo-do-dia"},"_links":{"self":[{"href":"https:\/\/migracao.redenoticia.com.br\/noticia\/wp-json\/wp\/v2\/posts\/212845","targetHints":{"allow":["GET"]}}],"collection":[{"href":"https:\/\/migracao.redenoticia.com.br\/noticia\/wp-json\/wp\/v2\/posts"}],"about":[{"href":"https:\/\/migracao.redenoticia.com.br\/noticia\/wp-json\/wp\/v2\/types\/post"}],"author":[{"embeddable":true,"href":"https:\/\/migracao.redenoticia.com.br\/noticia\/wp-json\/wp\/v2\/users\/4"}],"replies":[{"embeddable":true,"href":"https:\/\/migracao.redenoticia.com.br\/noticia\/wp-json\/wp\/v2\/comments?post=212845"}],"version-history":[{"count":0,"href":"https:\/\/migracao.redenoticia.com.br\/noticia\/wp-json\/wp\/v2\/posts\/212845\/revisions"}],"wp:featuredmedia":[{"embeddable":true,"href":"https:\/\/migracao.redenoticia.com.br\/noticia\/wp-json\/wp\/v2\/media\/212132"}],"wp:attachment":[{"href":"https:\/\/migracao.redenoticia.com.br\/noticia\/wp-json\/wp\/v2\/media?parent=212845"}],"wp:term":[{"taxonomy":"category","embeddable":true,"href":"https:\/\/migracao.redenoticia.com.br\/noticia\/wp-json\/wp\/v2\/categories?post=212845"},{"taxonomy":"post_tag","embeddable":true,"href":"https:\/\/migracao.redenoticia.com.br\/noticia\/wp-json\/wp\/v2\/tags?post=212845"}],"curies":[{"name":"wp","href":"https:\/\/api.w.org\/{rel}","templated":true}]}}