{"id":212870,"date":"2021-11-23T12:17:17","date_gmt":"2021-11-23T15:17:17","guid":{"rendered":"https:\/\/www.redenoticia.com.br\/noticia\/?p=212870"},"modified":"2021-11-23T12:17:17","modified_gmt":"2021-11-23T15:17:17","slug":"resumo-coracao-indomavel-24-11-maricruz-descobre-que-otavio-nao-matou-afonso","status":"publish","type":"post","link":"https:\/\/migracao.redenoticia.com.br\/noticia\/2021\/resumo-coracao-indomavel-24-11-maricruz-descobre-que-otavio-nao-matou-afonso\/212870","title":{"rendered":"Resumo &#8220;Cora\u00e7\u00e3o Indom\u00e1vel&#8221; 24\/11: Maricruz descobre que  Ot\u00e1vio n\u00e3o matou Afonso"},"content":{"rendered":"<p><img loading=\"lazy\" decoding=\"async\" class=\"aligncenter size-full wp-image-206134\" src=\"https:\/\/migracao.redenoticia.com.br\/noticia\/imagens\/coracao-indomavel-resumo-novela-elenco.jpeg\" alt=\"\" width=\"1280\" height=\"720\" srcset=\"https:\/\/migracao.redenoticia.com.br\/noticia\/imagens\/coracao-indomavel-resumo-novela-elenco.jpeg 1280w, https:\/\/migracao.redenoticia.com.br\/noticia\/imagens\/coracao-indomavel-resumo-novela-elenco-250x140.jpeg 250w, https:\/\/migracao.redenoticia.com.br\/noticia\/imagens\/coracao-indomavel-resumo-novela-elenco-400x225.jpeg 400w, https:\/\/migracao.redenoticia.com.br\/noticia\/imagens\/coracao-indomavel-resumo-novela-elenco-768x432.jpeg 768w, https:\/\/migracao.redenoticia.com.br\/noticia\/imagens\/coracao-indomavel-resumo-novela-elenco-150x85.jpeg 150w\" sizes=\"auto, (max-width: 1280px) 100vw, 1280px\" \/><\/p>\n<p><strong><em>Resumo da novela &#8220;Cora\u00e7\u00e3o Indom\u00e1vel&#8221;<\/em><\/strong> em 24\/11: no cap\u00edtulo 132(*) da novela, \u00c1lvaro oferece a Maricruz sua ajuda para pagar os honor\u00e1rios do Advogado Navarro. Carol diz a Carmela que o que mais quer \u00e9 provocar Maricruz para que ela pare\u00e7a uma presa rebelde e acabe ficando na cela de castigo. Maricruz confirma a \u00c1lvaro que foi ela quem matou Afonso. Cira afirma a Maricruz que n\u00e3o acredita que ela seja uma assassina e que est\u00e1 se sacrificando por algu\u00e9m que nunca a agradecer\u00e1.<\/p>\n<p>An\u00edbal diz a Natasha que n\u00e3o se entregar\u00e1 a pol\u00edcia at\u00e9 que recupere seu quadro. Maricruz recebe Ot\u00e1vio e pede que ele n\u00e3o volte a procur\u00e1-la. Ot\u00e1vio diz a Maricruz que n\u00e3o foi ele quem matou Afonso. Ela se surpreende e eles se beijam. Maricruz ent\u00e3o pede que ele cuide de Lupita e que nunca mais volte a visit\u00e1-la.<\/p>\n<p>(*) edi\u00e7\u00e3o das novelas do SBT, &#8220;Cora\u00e7\u00e3o Indom\u00e1vel&#8221;, sujeito a altera\u00e7\u00e3o de data e conte\u00fado.<\/p>\n<p>Sinopse &#8220;Cora\u00e7\u00e3o Indom\u00e1vel&#8221;: A novela conta a hist\u00f3ria da pobre Maricruz que, ap\u00f3s ter sido abandonada pelo marido, decide se vingar daqueles que a humilharam. Ela descobre ser filha de um homem rico, tornando-se uma mulher da alta sociedade.<\/p>\n","protected":false},"excerpt":{"rendered":"<p>Resumo da novela &#8220;Cora\u00e7\u00e3o Indom\u00e1vel&#8221; em 24\/11: no cap\u00edtulo 132(*) da novela, \u00c1lvaro oferece a Maricruz sua ajuda para pagar os honor\u00e1rios do Advogado Navarro. Carol diz a Carmela que o que mais quer \u00e9 provocar Maricruz para que ela pare\u00e7a uma presa rebelde e acabe ficando na cela de castigo. Maricruz confirma a \u00c1lvaro [&hellip;]<\/p>\n","protected":false},"author":4,"featured_media":206133,"comment_status":"closed","ping_status":"closed","sticky":false,"template":"","format":"standard","meta":{"tdm_status":"","tdm_grid_status":"","footnotes":""},"categories":[2200,379,2025,372,343],"tags":[441],"class_list":{"0":"post-212870","1":"post","2":"type-post","3":"status-publish","4":"format-standard","5":"has-post-thumbnail","7":"category-coracao-indomavel","8":"category-novelas","9":"category-resumo","10":"category-sbt","11":"category-televisao","12":"tag-resumo-do-dia"},"_links":{"self":[{"href":"https:\/\/migracao.redenoticia.com.br\/noticia\/wp-json\/wp\/v2\/posts\/212870","targetHints":{"allow":["GET"]}}],"collection":[{"href":"https:\/\/migracao.redenoticia.com.br\/noticia\/wp-json\/wp\/v2\/posts"}],"about":[{"href":"https:\/\/migracao.redenoticia.com.br\/noticia\/wp-json\/wp\/v2\/types\/post"}],"author":[{"embeddable":true,"href":"https:\/\/migracao.redenoticia.com.br\/noticia\/wp-json\/wp\/v2\/users\/4"}],"replies":[{"embeddable":true,"href":"https:\/\/migracao.redenoticia.com.br\/noticia\/wp-json\/wp\/v2\/comments?post=212870"}],"version-history":[{"count":0,"href":"https:\/\/migracao.redenoticia.com.br\/noticia\/wp-json\/wp\/v2\/posts\/212870\/revisions"}],"wp:featuredmedia":[{"embeddable":true,"href":"https:\/\/migracao.redenoticia.com.br\/noticia\/wp-json\/wp\/v2\/media\/206133"}],"wp:attachment":[{"href":"https:\/\/migracao.redenoticia.com.br\/noticia\/wp-json\/wp\/v2\/media?parent=212870"}],"wp:term":[{"taxonomy":"category","embeddable":true,"href":"https:\/\/migracao.redenoticia.com.br\/noticia\/wp-json\/wp\/v2\/categories?post=212870"},{"taxonomy":"post_tag","embeddable":true,"href":"https:\/\/migracao.redenoticia.com.br\/noticia\/wp-json\/wp\/v2\/tags?post=212870"}],"curies":[{"name":"wp","href":"https:\/\/api.w.org\/{rel}","templated":true}]}}