{"id":2129,"date":"2009-05-30T11:05:03","date_gmt":"2009-05-30T15:05:03","guid":{"rendered":"http:\/\/www.redenoticia.com.br\/noticia\/?p=2129"},"modified":"2009-05-30T11:05:03","modified_gmt":"2009-05-30T15:05:03","slug":"academico-de-ji-parana-convocado-para-tecnico-de-selecao-brasileira","status":"publish","type":"post","link":"https:\/\/migracao.redenoticia.com.br\/noticia\/2009\/academico-de-ji-parana-convocado-para-tecnico-de-selecao-brasileira\/2129","title":{"rendered":"Acad\u00eamico de Ji-Paran\u00e1 convocado para t\u00e9cnico de Sele\u00e7\u00e3o Brasileira"},"content":{"rendered":"<p class=\"MsoNormal\" style=\"background: #9dd8e5 none repeat scroll 0%; line-height: 15.6pt;\"><span style=\"font-size: 11pt; font-family: Arial; display: none;\"> <\/span><\/p>\n<p class=\"MsoNormal\" style=\"margin-bottom: 3.75pt; line-height: 15.6pt;\"><strong><\/strong><span style=\"font-size: 11pt; font-family: Arial;\"><a href=\"https:\/\/migracao.redenoticia.com.br\/noticia\/imagens\/\/tecnico.jpg\"><img loading=\"lazy\" decoding=\"async\" class=\"alignleft size-full wp-image-2128\" title=\"tecnico\" src=\"https:\/\/migracao.redenoticia.com.br\/noticia\/imagens\/\/tecnico.jpg\" alt=\"tecnico\" width=\"150\" height=\"113\" \/><\/a>O acad\u00eamico do 4\u00b0 per\u00edodo de Educa\u00e7\u00e3o F\u00edsica do CEULJI\/ULBRA, Ant\u00f4nio Marques Nunes Vieira, foi convocado pela Confedera\u00e7\u00e3o Brasileira de Jud\u00f4 (CBJ) para comandar a Sele\u00e7\u00e3o Brasileira no Campeonato Sul-Americano J\u00fanior, que ser\u00e1 disputado de 17 a 21 de junho, em Santiago (CHI).<\/span><\/p>\n<p class=\"MsoNormal\" style=\"margin-bottom: 3.75pt; line-height: 15.6pt;\"><span style=\"font-size: 11pt; font-family: Arial;\"><br \/>\nO convite partiu do presidente da CBJ, Paulo Wanderley Teixeira, que o convocou para assumir como\u00a0t\u00e9cnico da sele\u00e7\u00e3o na competi\u00e7\u00e3o. &#8220;Dentro do curso com apoio do CEULJI\/ULBRA estarei levando o nome da Institui\u00e7\u00e3o e do nosso estado para todo pa\u00eds&#8221;, destacou o acad\u00eamico.<\/p>\n<p>Para Ant\u00f4nio Marques, esta ser\u00e1 uma grande oportunidade para demonstrar o trabalho que vem sendo realizado h\u00e1 17 anos. &#8220;Desde 1998 tenho atletas que representam o estado em Sul-Americanos e espero que possamos voltar para casa com mais medalhas. Espero deixar uma boa impress\u00e3o para que sempre possa estar trabalhando junto a Sele\u00e7\u00e3o Brasileira&#8221;, frisou.<\/p>\n<p>No Sul-Americano, o t\u00e9cnico estar\u00e1 trabalhando as judocas Sandy Lara e Talita Lenzi.<\/p>\n<p>Ant\u00f4nio Marques Nunes Vieira estar\u00e1 embarcando no pr\u00f3ximo dia 13 de junho com destino a S\u00e3o Paulo.<\/span><\/p>\n<p class=\"MsoNormal\" style=\"line-height: 15.6pt;\"><span style=\"font-size: 11pt; font-family: Arial;\">Escrito por Alexandre Almeida <\/span><\/p>\n","protected":false},"excerpt":{"rendered":"<p>O acad\u00eamico do 4\u00b0 per\u00edodo de Educa\u00e7\u00e3o F\u00edsica do CEULJI\/ULBRA, Ant\u00f4nio Marques Nunes Vieira, foi convocado pela Confedera\u00e7\u00e3o Brasileira de Jud\u00f4 (CBJ) para comandar a Sele\u00e7\u00e3o Brasileira no Campeonato Sul-Americano J\u00fanior, que ser\u00e1 disputado de 17 a 21 de junho, em Santiago (CHI). O convite partiu do presidente da CBJ, Paulo Wanderley Teixeira, que o [&hellip;]<\/p>\n","protected":false},"author":3,"featured_media":0,"comment_status":"open","ping_status":"open","sticky":false,"template":"","format":"standard","meta":{"tdm_status":"","tdm_grid_status":"","footnotes":""},"categories":[22],"tags":[],"class_list":{"0":"post-2129","1":"post","2":"type-post","3":"status-publish","4":"format-standard","6":"category-brasil"},"_links":{"self":[{"href":"https:\/\/migracao.redenoticia.com.br\/noticia\/wp-json\/wp\/v2\/posts\/2129","targetHints":{"allow":["GET"]}}],"collection":[{"href":"https:\/\/migracao.redenoticia.com.br\/noticia\/wp-json\/wp\/v2\/posts"}],"about":[{"href":"https:\/\/migracao.redenoticia.com.br\/noticia\/wp-json\/wp\/v2\/types\/post"}],"author":[{"embeddable":true,"href":"https:\/\/migracao.redenoticia.com.br\/noticia\/wp-json\/wp\/v2\/users\/3"}],"replies":[{"embeddable":true,"href":"https:\/\/migracao.redenoticia.com.br\/noticia\/wp-json\/wp\/v2\/comments?post=2129"}],"version-history":[{"count":0,"href":"https:\/\/migracao.redenoticia.com.br\/noticia\/wp-json\/wp\/v2\/posts\/2129\/revisions"}],"wp:attachment":[{"href":"https:\/\/migracao.redenoticia.com.br\/noticia\/wp-json\/wp\/v2\/media?parent=2129"}],"wp:term":[{"taxonomy":"category","embeddable":true,"href":"https:\/\/migracao.redenoticia.com.br\/noticia\/wp-json\/wp\/v2\/categories?post=2129"},{"taxonomy":"post_tag","embeddable":true,"href":"https:\/\/migracao.redenoticia.com.br\/noticia\/wp-json\/wp\/v2\/tags?post=2129"}],"curies":[{"name":"wp","href":"https:\/\/api.w.org\/{rel}","templated":true}]}}