{"id":212917,"date":"2021-11-24T13:12:06","date_gmt":"2021-11-24T16:12:06","guid":{"rendered":"https:\/\/www.redenoticia.com.br\/noticia\/?p=212917"},"modified":"2021-11-24T13:12:06","modified_gmt":"2021-11-24T16:12:06","slug":"novela-malhacao-sonhos-25-11-edgard-salva-a-familia-de-cobra","status":"publish","type":"post","link":"https:\/\/migracao.redenoticia.com.br\/noticia\/2021\/novela-malhacao-sonhos-25-11-edgard-salva-a-familia-de-cobra\/212917","title":{"rendered":"Novela &#8220;Malha\u00e7\u00e3o&#8221; Sonhos 25\/11: Edgard salva a fam\u00edlia de Cobra"},"content":{"rendered":"<p><img loading=\"lazy\" decoding=\"async\" class=\"aligncenter size-full wp-image-202688\" src=\"https:\/\/migracao.redenoticia.com.br\/noticia\/imagens\/malhacao-sonhos-elenco-protagonistas.jpg\" alt=\"\" width=\"1280\" height=\"720\" srcset=\"https:\/\/migracao.redenoticia.com.br\/noticia\/imagens\/malhacao-sonhos-elenco-protagonistas.jpg 1280w, https:\/\/migracao.redenoticia.com.br\/noticia\/imagens\/malhacao-sonhos-elenco-protagonistas-250x140.jpg 250w, https:\/\/migracao.redenoticia.com.br\/noticia\/imagens\/malhacao-sonhos-elenco-protagonistas-400x225.jpg 400w, https:\/\/migracao.redenoticia.com.br\/noticia\/imagens\/malhacao-sonhos-elenco-protagonistas-768x432.jpg 768w, https:\/\/migracao.redenoticia.com.br\/noticia\/imagens\/malhacao-sonhos-elenco-protagonistas-150x85.jpg 150w\" sizes=\"auto, (max-width: 1280px) 100vw, 1280px\" \/><\/p>\n<p><em><strong>Resumo da novela &#8220;Malha\u00e7\u00e3o&#8221; Sonhos<\/strong><\/em> em 25\/11: no cap\u00edtulo 127(*) da novela, Lob\u00e3o pede que Luiz descubra se Nat est\u00e1 viva. Cobra pede a Quit\u00e9ria que siga as instru\u00e7\u00f5es de Edgard. Pedro estranha a aus\u00eancia de Karina, que se esfor\u00e7a para chamar a aten\u00e7\u00e3o dos vizinhos. Heideguer comunica a Gael que, com o depoimento de Ernesto sobre a arma\u00e7\u00e3o no laborat\u00f3rio, o juiz decretou a pris\u00e3o provis\u00f3ria de Lob\u00e3o.<\/p>\n<p>Pedro pede ajuda ao porteiro para entrar no apartamento de Lob\u00e3o. Edgard prepara Joaquina para a encena\u00e7\u00e3o que resgatar\u00e1 Quit\u00e9ria e sua fam\u00edlia do gin\u00e1sio. Karina se desespera em seu cativeiro. Gael acredita que conhece Quit\u00e9ria. Come\u00e7a a luta de Duca e Cobra. Luiz reconhece Nat.<\/p>\n<p>Edgard salva a fam\u00edlia de Cobra<\/p>\n<p>Cobra se esquiva dos golpes de Duca no ringue e Jade se irrita. Pedro apressa o chaveiro e diz que Karina est\u00e1 presa no apartamento. Joaquina comete um erro, mas Edgard consegue recuperar seu plano para resgatar a fam\u00edlia de Cobra. O chaveiro se recusa a abrir a porta sem o pagamento e Pedro se desespera.<\/p>\n<p>Cobra descobre que sua fam\u00edlia n\u00e3o est\u00e1 mais no gin\u00e1sio e parte para cima de Duca no ringue. Heideguer percebe a arma\u00e7\u00e3o do lutador e exige que seus capangas encontrem Quit\u00e9ria e os filhos. Karina teme pela vida de Gael com a proximidade da luta demonstrativa com Lob\u00e3o. Luiz questiona Nat. Come\u00e7a o \u00faltimo round da luta entre Duca e Cobra.<\/p>\n<p>(*) edi\u00e7\u00e3o das novelas da Globo, \u201cMalha\u00e7\u00e3o\u201d Sonhos, sujeito a altera\u00e7\u00e3o de data e conte\u00fado.<\/p>\n<p>Sinopse Novela &#8220;Malha\u00e7\u00e3o&#8221; Sonhos: Formar campe\u00f5es e repassar os princ\u00edpios das artes marciais para os alunos s\u00e3o alguns dos sonhos de Gael (Eriberto Le\u00e3o). Duca (Arthur Aguiar) \u00e9 seu melhor atleta. Ele est\u00e1 sempre acompanhado dos amigos Z\u00e9 (Bruno Fraga) e Marc\u00e3o (Jean Amorim). Karina (Isabella Santoni), filha de Gael, n\u00e3o aceita que o pai s\u00f3 tenha olhos para Duca e treina para ser uma grande lutadora. A ca\u00e7ula do mestre \u00e9 apaixonada pelo disc\u00edpulo do pai e n\u00e3o sabe que ele e sua irm\u00e3, Bianca (Bruna Ham\u00fa), est\u00e3o prestes a assumir o namoro.<\/p>\n","protected":false},"excerpt":{"rendered":"<p>Resumo da novela &#8220;Malha\u00e7\u00e3o&#8221; Sonhos em 25\/11: no cap\u00edtulo 127(*) da novela, Lob\u00e3o pede que Luiz descubra se Nat est\u00e1 viva. Cobra pede a Quit\u00e9ria que siga as instru\u00e7\u00f5es de Edgard. Pedro estranha a aus\u00eancia de Karina, que se esfor\u00e7a para chamar a aten\u00e7\u00e3o dos vizinhos. Heideguer comunica a Gael que, com o depoimento de [&hellip;]<\/p>\n","protected":false},"author":4,"featured_media":202687,"comment_status":"closed","ping_status":"closed","sticky":false,"template":"","format":"standard","meta":{"tdm_status":"","tdm_grid_status":"","footnotes":""},"categories":[447,379,375,2025,343],"tags":[441],"class_list":{"0":"post-212917","1":"post","2":"type-post","3":"status-publish","4":"format-standard","5":"has-post-thumbnail","7":"category-malhacao","8":"category-novelas","9":"category-rede-globo","10":"category-resumo","11":"category-televisao","12":"tag-resumo-do-dia"},"_links":{"self":[{"href":"https:\/\/migracao.redenoticia.com.br\/noticia\/wp-json\/wp\/v2\/posts\/212917","targetHints":{"allow":["GET"]}}],"collection":[{"href":"https:\/\/migracao.redenoticia.com.br\/noticia\/wp-json\/wp\/v2\/posts"}],"about":[{"href":"https:\/\/migracao.redenoticia.com.br\/noticia\/wp-json\/wp\/v2\/types\/post"}],"author":[{"embeddable":true,"href":"https:\/\/migracao.redenoticia.com.br\/noticia\/wp-json\/wp\/v2\/users\/4"}],"replies":[{"embeddable":true,"href":"https:\/\/migracao.redenoticia.com.br\/noticia\/wp-json\/wp\/v2\/comments?post=212917"}],"version-history":[{"count":0,"href":"https:\/\/migracao.redenoticia.com.br\/noticia\/wp-json\/wp\/v2\/posts\/212917\/revisions"}],"wp:featuredmedia":[{"embeddable":true,"href":"https:\/\/migracao.redenoticia.com.br\/noticia\/wp-json\/wp\/v2\/media\/202687"}],"wp:attachment":[{"href":"https:\/\/migracao.redenoticia.com.br\/noticia\/wp-json\/wp\/v2\/media?parent=212917"}],"wp:term":[{"taxonomy":"category","embeddable":true,"href":"https:\/\/migracao.redenoticia.com.br\/noticia\/wp-json\/wp\/v2\/categories?post=212917"},{"taxonomy":"post_tag","embeddable":true,"href":"https:\/\/migracao.redenoticia.com.br\/noticia\/wp-json\/wp\/v2\/tags?post=212917"}],"curies":[{"name":"wp","href":"https:\/\/api.w.org\/{rel}","templated":true}]}}