{"id":212964,"date":"2021-11-25T12:43:35","date_gmt":"2021-11-25T15:43:35","guid":{"rendered":"https:\/\/www.redenoticia.com.br\/noticia\/?p=212964"},"modified":"2021-11-25T12:43:35","modified_gmt":"2021-11-25T15:43:35","slug":"resumo-um-lugar-ao-sol-26-11-santiago-descobre-que-christian-renato-tem-um-filho","status":"publish","type":"post","link":"https:\/\/migracao.redenoticia.com.br\/noticia\/2021\/resumo-um-lugar-ao-sol-26-11-santiago-descobre-que-christian-renato-tem-um-filho\/212964","title":{"rendered":"Resumo &#8220;Um Lugar ao Sol&#8221; 26\/11: Santiago descobre que Christian\/Renato tem um filho"},"content":{"rendered":"<p><img loading=\"lazy\" decoding=\"async\" class=\"aligncenter size-full wp-image-212131\" src=\"https:\/\/migracao.redenoticia.com.br\/noticia\/imagens\/um-lugar-ao-sol-resumo-novela-globo-personagens-caua.jpg\" alt=\"\" width=\"1280\" height=\"720\" srcset=\"https:\/\/migracao.redenoticia.com.br\/noticia\/imagens\/um-lugar-ao-sol-resumo-novela-globo-personagens-caua.jpg 1280w, https:\/\/migracao.redenoticia.com.br\/noticia\/imagens\/um-lugar-ao-sol-resumo-novela-globo-personagens-caua-250x140.jpg 250w, https:\/\/migracao.redenoticia.com.br\/noticia\/imagens\/um-lugar-ao-sol-resumo-novela-globo-personagens-caua-400x225.jpg 400w, https:\/\/migracao.redenoticia.com.br\/noticia\/imagens\/um-lugar-ao-sol-resumo-novela-globo-personagens-caua-768x432.jpg 768w, https:\/\/migracao.redenoticia.com.br\/noticia\/imagens\/um-lugar-ao-sol-resumo-novela-globo-personagens-caua-150x85.jpg 150w\" sizes=\"auto, (max-width: 1280px) 100vw, 1280px\" \/><\/p>\n<p><strong><em>Resumo da novela &#8220;Um Lugar ao Sol&#8221;<\/em><\/strong> em 26\/11: no cap\u00edtulo 017(*) da novela, B\u00e1rbara fica abalada quando a m\u00e9dica revela que uma nova gesta\u00e7\u00e3o \u00e9 imposs\u00edvel. Santiago avisa a Christian\/Renato sobre o diagn\u00f3stico irrevers\u00edvel de B\u00e1rbara e informa que a filha est\u00e1 indo em dire\u00e7\u00e3o a B\u00fazios. Nicole conta a Rebeca que Christian\/Renato tem um filho fora do casamento.<\/p>\n<p>Christian\/Renato salva B\u00e1rbara. Joy rejeita Ravi. Rebeca fica surpresa ao encontrar com Felipe em B\u00fazios, e os dois se beijam. T\u00falio fica sabendo que Rebeca esteve com Felipe em B\u00fazios. Rebeca conta para T\u00falio que Renato\/Christian tem um filho fora do casamento.<\/p>\n<p>Mateus descobre que Lara mentiu para ele, ao dizer que havia parado de tomar p\u00edlula. Durante o jantar em homenagem a Christian\/Renato, T\u00falio revela a Santiago que o marido de B\u00e1rbara tem um filho.<\/p>\n<p>(*) edi\u00e7\u00e3o das novelas da Globo, &#8220;Um Lugar ao Sol&#8221;, sujeito a altera\u00e7\u00e3o de data e conte\u00fado.<\/p>\n<p>Sinopse &#8220;Um Lugar ao Sol&#8221;: Christian assume a personalidade e o comportamento do irm\u00e3o morto. Decidido a deixar o passado para tr\u00e1s, assume a identidade de Renato, tendo Ravi como \u00fanico confidente. Ele v\u00ea seu grande amor, Lara, enterrar o corpo que supostamente seria seu e segue rumo a uma nova vida, tendo que lidar com as consequ\u00eancias de sua escolha.<\/p>\n","protected":false},"excerpt":{"rendered":"<p>Resumo da novela &#8220;Um Lugar ao Sol&#8221; em 26\/11: no cap\u00edtulo 017(*) da novela, B\u00e1rbara fica abalada quando a m\u00e9dica revela que uma nova gesta\u00e7\u00e3o \u00e9 imposs\u00edvel. Santiago avisa a Christian\/Renato sobre o diagn\u00f3stico irrevers\u00edvel de B\u00e1rbara e informa que a filha est\u00e1 indo em dire\u00e7\u00e3o a B\u00fazios. Nicole conta a Rebeca que Christian\/Renato tem [&hellip;]<\/p>\n","protected":false},"author":4,"featured_media":212132,"comment_status":"closed","ping_status":"closed","sticky":false,"template":"","format":"standard","meta":{"tdm_status":"","tdm_grid_status":"","footnotes":""},"categories":[379,375,2025,343,2223],"tags":[441],"class_list":{"0":"post-212964","1":"post","2":"type-post","3":"status-publish","4":"format-standard","5":"has-post-thumbnail","7":"category-novelas","8":"category-rede-globo","9":"category-resumo","10":"category-televisao","11":"category-um-lugar-ao-sol","12":"tag-resumo-do-dia"},"_links":{"self":[{"href":"https:\/\/migracao.redenoticia.com.br\/noticia\/wp-json\/wp\/v2\/posts\/212964","targetHints":{"allow":["GET"]}}],"collection":[{"href":"https:\/\/migracao.redenoticia.com.br\/noticia\/wp-json\/wp\/v2\/posts"}],"about":[{"href":"https:\/\/migracao.redenoticia.com.br\/noticia\/wp-json\/wp\/v2\/types\/post"}],"author":[{"embeddable":true,"href":"https:\/\/migracao.redenoticia.com.br\/noticia\/wp-json\/wp\/v2\/users\/4"}],"replies":[{"embeddable":true,"href":"https:\/\/migracao.redenoticia.com.br\/noticia\/wp-json\/wp\/v2\/comments?post=212964"}],"version-history":[{"count":0,"href":"https:\/\/migracao.redenoticia.com.br\/noticia\/wp-json\/wp\/v2\/posts\/212964\/revisions"}],"wp:featuredmedia":[{"embeddable":true,"href":"https:\/\/migracao.redenoticia.com.br\/noticia\/wp-json\/wp\/v2\/media\/212132"}],"wp:attachment":[{"href":"https:\/\/migracao.redenoticia.com.br\/noticia\/wp-json\/wp\/v2\/media?parent=212964"}],"wp:term":[{"taxonomy":"category","embeddable":true,"href":"https:\/\/migracao.redenoticia.com.br\/noticia\/wp-json\/wp\/v2\/categories?post=212964"},{"taxonomy":"post_tag","embeddable":true,"href":"https:\/\/migracao.redenoticia.com.br\/noticia\/wp-json\/wp\/v2\/tags?post=212964"}],"curies":[{"name":"wp","href":"https:\/\/api.w.org\/{rel}","templated":true}]}}