{"id":212986,"date":"2021-11-26T12:38:58","date_gmt":"2021-11-26T15:38:58","guid":{"rendered":"https:\/\/www.redenoticia.com.br\/noticia\/?p=212986"},"modified":"2021-11-26T12:38:58","modified_gmt":"2021-11-26T15:38:58","slug":"resumo-carinha-de-anjo-27-11-gustavo-e-veronica-discutem","status":"publish","type":"post","link":"https:\/\/migracao.redenoticia.com.br\/noticia\/2021\/resumo-carinha-de-anjo-27-11-gustavo-e-veronica-discutem\/212986","title":{"rendered":"Resumo \u201cCarinha De Anjo\u201d 27\/11: Gustavo e Ver\u00f4nica discutem"},"content":{"rendered":"<p><img loading=\"lazy\" decoding=\"async\" class=\"aligncenter size-full wp-image-210452\" src=\"https:\/\/migracao.redenoticia.com.br\/noticia\/imagens\/carinha-de-anjo-novela-sbt-elenco-infantil.jpeg\" alt=\"\" width=\"1280\" height=\"720\" srcset=\"https:\/\/migracao.redenoticia.com.br\/noticia\/imagens\/carinha-de-anjo-novela-sbt-elenco-infantil.jpeg 1280w, https:\/\/migracao.redenoticia.com.br\/noticia\/imagens\/carinha-de-anjo-novela-sbt-elenco-infantil-250x140.jpeg 250w, https:\/\/migracao.redenoticia.com.br\/noticia\/imagens\/carinha-de-anjo-novela-sbt-elenco-infantil-400x225.jpeg 400w, https:\/\/migracao.redenoticia.com.br\/noticia\/imagens\/carinha-de-anjo-novela-sbt-elenco-infantil-768x432.jpeg 768w, https:\/\/migracao.redenoticia.com.br\/noticia\/imagens\/carinha-de-anjo-novela-sbt-elenco-infantil-150x85.jpeg 150w\" sizes=\"auto, (max-width: 1280px) 100vw, 1280px\" \/><\/p>\n<p><strong><em>Resumo da novela \u201cCarinha De Anjo\u201d<\/em><\/strong> em 27\/11: no cap\u00edtulo 045(*) da novela, Irm\u00e3 Cec\u00edlia conta o que aconteceu para Estef\u00e2nia, que vai para o col\u00e9gio conversar com a Madre Superiora. Enquanto isso, a pedido de Estef\u00e2nia, Silvestre e Franciely fazem de tudo para que Gustavo n\u00e3o saia de casa. A Madre Superiora diz que as respons\u00e1veis pela confus\u00e3o ser\u00e3o punidas. Estef\u00e2nia e Dulce tentam chegar ao escrit\u00f3rio antes de Gustavo. Silvana tem ci\u00fame de Ver\u00f4nica.<\/p>\n<p>Gustavo chega ao escrit\u00f3rio e chama Ver\u00f4nica para conversar. Ele briga com ela. A mo\u00e7a n\u00e3o se conforma com o jeito r\u00edspido com que ele fala, grita com ele e resolve sair da empresa. Estef\u00e2nia, Vitor e Dulce chegam em seguida e contam toda a verdade para Gustavo. Eles reclamam do temperamento de Gustavo, que os expulsa de sua sala.<\/p>\n<p>A Madre Superiora faz com que Frida e B\u00e1rbara escrevam uma carta pedindo desculpa para Gustavo e Ver\u00f4nica. Madre Superiora vai ao escrit\u00f3rio, entrega as cartas de desculpa para Gustavo e pede que ele devolva o emprego a Ver\u00f4nica. Gustavo diz que ela tamb\u00e9m foi grossa com ele, portanto s\u00f3 devolver\u00e1 o emprego caso ela se desculpe.<\/p>\n<p>Ver\u00f4nica conta o que aconteceu para F\u00e1tima. A falsa assistente social chega \u00e0 casa de Rosana e come\u00e7a a incomod\u00e1-la com uma s\u00e9rie de perguntas. Fl\u00e1vio sai para tomar sorvete com F\u00e1tima. As irm\u00e3s se apresentam para as crian\u00e7as, como ensaio antes do concurso. A falsa assistente social vasculha a casa de Rosana e menciona uma den\u00fancia an\u00f4nima.<\/p>\n<p>F\u00e1tima quer saber mais sobre Fl\u00e1vio, que inventa tudo sobre sua vida. Estef\u00e2nia conversa com Ver\u00f4nica enquanto Vitor conversa com Gustavo. Eles tentam convenc\u00ea-los a dar o primeiro passo e pedir desculpas, mas ambos s\u00e3o orgulhosos. In\u00e1cio se preocupa com a tristeza de Zeca. Diana d\u00e1 a ideia de Zeca acompanhar as Irm\u00e3s no concurso. In\u00e1cio vai pedir para a Madre Superiora. Na manh\u00e3 seguinte a Madre convida Zeca para ir em uma grava\u00e7\u00e3o com elas.<\/p>\n<p>(*) edi\u00e7\u00e3o das novelas do SBT, \u201cCarinha De Anjo\u201d, sujeito a altera\u00e7\u00e3o de data e conte\u00fado.<\/p>\n<p>Sinopse \u201cCarinha De Anjo\u201d: Dulce Maria \u00e9 uma menina doce, ingenua, inteligente e alegre de 5 anos de idade. \u00c9 brincalhona, aventureira e extremamente curiosa. Diverte a todos com seus coment\u00e1rios e perguntas indiscretas e surpreende com suas descobertas.<\/p>\n<p>Ela \u00e9 filha \u00fanica de Gustavo L\u00e1rios (Carlo Porto), bem-sucedido empres\u00e1rio da cafeicultura brasileira, e da mexicana Teresa Rezende L\u00e1rios (Lucero), m\u00e3e acolhedora de s\u00e1bios conselhos e voz ador\u00e1vel, que faleceu num acidente quando Dulce Maria tinha apenas 3 anos de idade. Traumatizado com a trag\u00e9dia, Gustavo deixou a filha no col\u00e9gio interno.<\/p>\n","protected":false},"excerpt":{"rendered":"<p>Resumo da novela \u201cCarinha De Anjo\u201d em 27\/11: no cap\u00edtulo 045(*) da novela, Irm\u00e3 Cec\u00edlia conta o que aconteceu para Estef\u00e2nia, que vai para o col\u00e9gio conversar com a Madre Superiora. Enquanto isso, a pedido de Estef\u00e2nia, Silvestre e Franciely fazem de tudo para que Gustavo n\u00e3o saia de casa. A Madre Superiora diz que [&hellip;]<\/p>\n","protected":false},"author":4,"featured_media":210453,"comment_status":"closed","ping_status":"closed","sticky":false,"template":"","format":"standard","meta":{"tdm_status":"","tdm_grid_status":"","footnotes":""},"categories":[452,379,2025,372,343],"tags":[441],"class_list":{"0":"post-212986","1":"post","2":"type-post","3":"status-publish","4":"format-standard","5":"has-post-thumbnail","7":"category-carinha-de-anjo","8":"category-novelas","9":"category-resumo","10":"category-sbt","11":"category-televisao","12":"tag-resumo-do-dia"},"_links":{"self":[{"href":"https:\/\/migracao.redenoticia.com.br\/noticia\/wp-json\/wp\/v2\/posts\/212986","targetHints":{"allow":["GET"]}}],"collection":[{"href":"https:\/\/migracao.redenoticia.com.br\/noticia\/wp-json\/wp\/v2\/posts"}],"about":[{"href":"https:\/\/migracao.redenoticia.com.br\/noticia\/wp-json\/wp\/v2\/types\/post"}],"author":[{"embeddable":true,"href":"https:\/\/migracao.redenoticia.com.br\/noticia\/wp-json\/wp\/v2\/users\/4"}],"replies":[{"embeddable":true,"href":"https:\/\/migracao.redenoticia.com.br\/noticia\/wp-json\/wp\/v2\/comments?post=212986"}],"version-history":[{"count":0,"href":"https:\/\/migracao.redenoticia.com.br\/noticia\/wp-json\/wp\/v2\/posts\/212986\/revisions"}],"wp:featuredmedia":[{"embeddable":true,"href":"https:\/\/migracao.redenoticia.com.br\/noticia\/wp-json\/wp\/v2\/media\/210453"}],"wp:attachment":[{"href":"https:\/\/migracao.redenoticia.com.br\/noticia\/wp-json\/wp\/v2\/media?parent=212986"}],"wp:term":[{"taxonomy":"category","embeddable":true,"href":"https:\/\/migracao.redenoticia.com.br\/noticia\/wp-json\/wp\/v2\/categories?post=212986"},{"taxonomy":"post_tag","embeddable":true,"href":"https:\/\/migracao.redenoticia.com.br\/noticia\/wp-json\/wp\/v2\/tags?post=212986"}],"curies":[{"name":"wp","href":"https:\/\/api.w.org\/{rel}","templated":true}]}}