{"id":213063,"date":"2021-11-29T12:32:57","date_gmt":"2021-11-29T15:32:57","guid":{"rendered":"https:\/\/www.redenoticia.com.br\/noticia\/?p=213063"},"modified":"2021-11-29T12:32:57","modified_gmt":"2021-11-29T15:32:57","slug":"resumo-amanha-e-para-sempre-30-11-montserrat-proibe-fernanda-de-se-aproximar-de-eduardo","status":"publish","type":"post","link":"https:\/\/migracao.redenoticia.com.br\/noticia\/2021\/resumo-amanha-e-para-sempre-30-11-montserrat-proibe-fernanda-de-se-aproximar-de-eduardo\/213063","title":{"rendered":"Resumo \u201cAmanh\u00e3 \u00e9 para sempre\u201d 30\/11: Montserrat pro\u00edbe Fernanda de se aproximar de Eduardo"},"content":{"rendered":"<p><img loading=\"lazy\" decoding=\"async\" class=\"aligncenter size-full wp-image-212995\" src=\"https:\/\/migracao.redenoticia.com.br\/noticia\/imagens\/amanha-e-para-sempre.jpeg\" alt=\"\" width=\"1280\" height=\"720\" srcset=\"https:\/\/migracao.redenoticia.com.br\/noticia\/imagens\/amanha-e-para-sempre.jpeg 1280w, https:\/\/migracao.redenoticia.com.br\/noticia\/imagens\/amanha-e-para-sempre-250x140.jpeg 250w, https:\/\/migracao.redenoticia.com.br\/noticia\/imagens\/amanha-e-para-sempre-400x225.jpeg 400w, https:\/\/migracao.redenoticia.com.br\/noticia\/imagens\/amanha-e-para-sempre-768x432.jpeg 768w, https:\/\/migracao.redenoticia.com.br\/noticia\/imagens\/amanha-e-para-sempre-150x85.jpeg 150w\" sizes=\"auto, (max-width: 1280px) 100vw, 1280px\" \/><\/p>\n<p><strong><em>Resumo da novela \u201cAmanh\u00e3 \u00e9 para sempre\u201d<\/em><\/strong> em 30\/11: no cap\u00edtulo 002(*) da novela, na fazenda, enquanto todos acompanham a cerim\u00f4nia da primeira comunh\u00e3o de Fernanda, Liliana discretamente ouve uma conversa de B\u00e1rbara ao telefone. Ela est\u00e1 a ponto de descobrir com quem B\u00e1rbara est\u00e1 falando quando \u00e9 interrompida por Soledade, que a repreende por estar ouvindo uma conversa alheia.<\/p>\n<p>Liliana diz a Soledade que B\u00e1rbara est\u00e1 muito misteriosa e quer saber com quem est\u00e1 falando, pois parece que ela \u00e9 a \u00fanica que percebe que essa mulher \u00e9 perigosa. Soledade responde que ela n\u00e3o \u00e9 a \u00fanica. Montserrat d\u00e1 uma bronca em Liliana por n\u00e3o ter assistido a primeira comunh\u00e3o de sua irm\u00e3. Soledade a defende, dizendo que estava um pouco indisposta. Fernanda vai ao encontro de Eduardo e ele lhe d\u00e1 de presente um cora\u00e7\u00e3o com suas iniciais. Emocionada ela lhe d\u00e1 um beijo carinhoso e inocente.<\/p>\n<p>B\u00e1rbara os surpreende e deixa os dois aterrorizados. Depois conversa com Gon\u00e7alo e Montserrat e afirma que Eduardo quis se aproveitar de Fernanda. B\u00e1rbara diz a Fernanda que \u00e9 melhor que diga a seus pais que foi Eduardo quem a beijou, pois se eles souberem que \u00e9 ela a culpada a mandaram para um col\u00e9gio interno. Fernanda diz que n\u00e3o quer que castiguem Eduardo por sua culpa.<\/p>\n<p>B\u00e1rbara convence Gon\u00e7alo de que o melhor para sua fam\u00edlia \u00e9 que Eduardo v\u00e1 estudar na capital. Gon\u00e7alo informa a Soledade que vai enviar seu filho para estudar na capital e que arcar\u00e1 com as despesas. Montserrat pro\u00edbe Fernanda de se aproximar de Eduardo. Liliana ajuda Fernanda a fugir para que possa se despedir de seu melhor amigo. Montserrat pede a B\u00e1rbara que encontre uma nova cozinheira e a encarrega de informar a Soledade sobre a demiss\u00e3o.<\/p>\n<p>(*) edi\u00e7\u00e3o das novelas do SBT, \u201cAmanh\u00e3 \u00e9 para sempre\u201d, sujeito a altera\u00e7\u00e3o de data e conte\u00fado.<\/p>\n<p>Sinopse \u201cAmanh\u00e3 \u00e9 para sempre\u201d: Fernanda \u00e9 a filha ca\u00e7ula do fazendeiro Gonzalo Elizalde, dono de uma grande companhia leiteira, e Eduardo \u00e9 filho de Soledade, a governanta da fam\u00edlia Elizalde. As duas crian\u00e7as t\u00eam crescido juntas e unidas por um amor inocente e justo, apesar da diferen\u00e7a de classes sociais.<\/p>\n<p>Gon\u00e7alo vive feliz com sua esposa Montserrat e seus cinco filhos, sem suspeitar que um inimigo implac\u00e1vel cerca os seus. Artemio Bravo sente um \u00f3dio intenso e amargo de Gon\u00e7alo, que tem corro\u00eddo sua mente e, sua \u00fanica meta \u00e9 destruir, lenta e dolorosamente, toda a fam\u00edlia Elizalde.<\/p>\n","protected":false},"excerpt":{"rendered":"<p>Resumo da novela \u201cAmanh\u00e3 \u00e9 para sempre\u201d em 30\/11: no cap\u00edtulo 002(*) da novela, na fazenda, enquanto todos acompanham a cerim\u00f4nia da primeira comunh\u00e3o de Fernanda, Liliana discretamente ouve uma conversa de B\u00e1rbara ao telefone. Ela est\u00e1 a ponto de descobrir com quem B\u00e1rbara est\u00e1 falando quando \u00e9 interrompida por Soledade, que a repreende por [&hellip;]<\/p>\n","protected":false},"author":4,"featured_media":212996,"comment_status":"closed","ping_status":"closed","sticky":false,"template":"","format":"standard","meta":{"tdm_status":"","tdm_grid_status":"","footnotes":""},"categories":[379,2025,372,343],"tags":[441],"class_list":{"0":"post-213063","1":"post","2":"type-post","3":"status-publish","4":"format-standard","5":"has-post-thumbnail","7":"category-novelas","8":"category-resumo","9":"category-sbt","10":"category-televisao","11":"tag-resumo-do-dia"},"_links":{"self":[{"href":"https:\/\/migracao.redenoticia.com.br\/noticia\/wp-json\/wp\/v2\/posts\/213063","targetHints":{"allow":["GET"]}}],"collection":[{"href":"https:\/\/migracao.redenoticia.com.br\/noticia\/wp-json\/wp\/v2\/posts"}],"about":[{"href":"https:\/\/migracao.redenoticia.com.br\/noticia\/wp-json\/wp\/v2\/types\/post"}],"author":[{"embeddable":true,"href":"https:\/\/migracao.redenoticia.com.br\/noticia\/wp-json\/wp\/v2\/users\/4"}],"replies":[{"embeddable":true,"href":"https:\/\/migracao.redenoticia.com.br\/noticia\/wp-json\/wp\/v2\/comments?post=213063"}],"version-history":[{"count":0,"href":"https:\/\/migracao.redenoticia.com.br\/noticia\/wp-json\/wp\/v2\/posts\/213063\/revisions"}],"wp:featuredmedia":[{"embeddable":true,"href":"https:\/\/migracao.redenoticia.com.br\/noticia\/wp-json\/wp\/v2\/media\/212996"}],"wp:attachment":[{"href":"https:\/\/migracao.redenoticia.com.br\/noticia\/wp-json\/wp\/v2\/media?parent=213063"}],"wp:term":[{"taxonomy":"category","embeddable":true,"href":"https:\/\/migracao.redenoticia.com.br\/noticia\/wp-json\/wp\/v2\/categories?post=213063"},{"taxonomy":"post_tag","embeddable":true,"href":"https:\/\/migracao.redenoticia.com.br\/noticia\/wp-json\/wp\/v2\/tags?post=213063"}],"curies":[{"name":"wp","href":"https:\/\/api.w.org\/{rel}","templated":true}]}}