{"id":213065,"date":"2021-11-29T12:35:17","date_gmt":"2021-11-29T15:35:17","guid":{"rendered":"https:\/\/www.redenoticia.com.br\/noticia\/?p=213065"},"modified":"2021-11-29T12:35:17","modified_gmt":"2021-11-29T15:35:17","slug":"resumo-coracao-indomavel-30-11-maricruz-sai-da-cadeia-e-encontra-alvaro","status":"publish","type":"post","link":"https:\/\/migracao.redenoticia.com.br\/noticia\/2021\/resumo-coracao-indomavel-30-11-maricruz-sai-da-cadeia-e-encontra-alvaro\/213065","title":{"rendered":"Resumo &#8220;Cora\u00e7\u00e3o Indom\u00e1vel&#8221; 30\/11: Maricruz sai da cadeia e encontra \u00c1lvaro"},"content":{"rendered":"<p><img loading=\"lazy\" decoding=\"async\" class=\"aligncenter size-full wp-image-206134\" src=\"https:\/\/migracao.redenoticia.com.br\/noticia\/imagens\/coracao-indomavel-resumo-novela-elenco.jpeg\" alt=\"\" width=\"1280\" height=\"720\" srcset=\"https:\/\/migracao.redenoticia.com.br\/noticia\/imagens\/coracao-indomavel-resumo-novela-elenco.jpeg 1280w, https:\/\/migracao.redenoticia.com.br\/noticia\/imagens\/coracao-indomavel-resumo-novela-elenco-250x140.jpeg 250w, https:\/\/migracao.redenoticia.com.br\/noticia\/imagens\/coracao-indomavel-resumo-novela-elenco-400x225.jpeg 400w, https:\/\/migracao.redenoticia.com.br\/noticia\/imagens\/coracao-indomavel-resumo-novela-elenco-768x432.jpeg 768w, https:\/\/migracao.redenoticia.com.br\/noticia\/imagens\/coracao-indomavel-resumo-novela-elenco-150x85.jpeg 150w\" sizes=\"auto, (max-width: 1280px) 100vw, 1280px\" \/><\/p>\n<p><strong><em>Resumo da novela &#8220;Cora\u00e7\u00e3o Indom\u00e1vel&#8221;<\/em><\/strong> em 30\/11: no cap\u00edtulo 136(*) da novela, Clementina se nega a falar com Natasha e diz a Francisco que Natasha n\u00e3o pode se dizer amiga de Afonso pelo mal conceito que tem dele. Natasha diz a Francisco de quem era o quadro que Afonso vendeu e que n\u00e3o descansam at\u00e9 recuper\u00e1-lo. Francisco se oferece para devolver o dinheiro que Afonso recebeu pelo quadro. Ot\u00e1vio diz a Doris que depois do julgamento de Maricruz eles poder\u00e3o voltar \u00e0 Ilha Dourada. Na penitenci\u00e1ria de mulheres, Teresa leva Maricruz para ser interrogada. Francisco pede aos pintores que n\u00e3o digam que o quadro \u201cLibera\u00e7\u00e3o\u201d era de Afonso, e assim n\u00e3o denigrem sua imagem. Madalena diz a Liz que Elsa n\u00e3o sabe que Afonso morreu. O diretor da penitenciaria faz Maricruz escutar uma grava\u00e7\u00e3o onde ela se diz inocente no caso do assassinato de Afonso. Elsa rejeita Liz e a diz que, ao ser amiga de \u00c1lvaro, n\u00e3o pode ser dela. Bernardo pede a Maricruz que diga a verdade quanto a sua rela\u00e7\u00e3o com Afonso.<\/p>\n<p>\u00c1lvaro encontra Liz em sua casa, e ele a diz n\u00e3o querer nunca mais v\u00ea-la por al\u00ed. Maricruz confessa n\u00e3o ter matado Afonso, Bernardo a diz que ela ficar\u00e1 livre de qualquer culpa pelo assassinato de Afonso. Maria \u00e9 presa. \u00c1lvaro se nega a ter qualquer rela\u00e7\u00e3o com Liz, e ela amea\u00e7a revelar os segredos que sabe. Maricruz sai da cadeia e encontra \u00c1lvaro a esperando. \u00c1lvaro pede a Maricruz que trabalhe para ele, cuidando de Elsa e a fazendo companhia. No apartamento de Ot\u00e1vio, Maricruz \u00e9 recebida por Joaninha. Doris fica sabendo que Maricruz foi absolvida de toda culpa. Doris finge uma forte dor para impedir que Ot\u00e1vio e Maricruz se reencontrem. Clementina diz a Maricruz que est\u00e1 disposta a reparar o dano que a fez a Afonso e pede perd\u00e3o em nome dele. Ot\u00e1vio diz a Doris que o Governador lhe deixou um recado importante e que quer que ela fique na Ilha Dourada, pois ele voltar\u00e1 para a capital.<\/p>\n<p>(*) edi\u00e7\u00e3o das novelas do SBT, &#8220;Cora\u00e7\u00e3o Indom\u00e1vel&#8221;, sujeito a altera\u00e7\u00e3o de data e conte\u00fado.<\/p>\n<p>Sinopse &#8220;Cora\u00e7\u00e3o Indom\u00e1vel&#8221;: A novela conta a hist\u00f3ria da pobre Maricruz que, ap\u00f3s ter sido abandonada pelo marido, decide se vingar daqueles que a humilharam. Ela descobre ser filha de um homem rico, tornando-se uma mulher da alta sociedade.<\/p>\n","protected":false},"excerpt":{"rendered":"<p>Resumo da novela &#8220;Cora\u00e7\u00e3o Indom\u00e1vel&#8221; em 30\/11: no cap\u00edtulo 136(*) da novela, Clementina se nega a falar com Natasha e diz a Francisco que Natasha n\u00e3o pode se dizer amiga de Afonso pelo mal conceito que tem dele. Natasha diz a Francisco de quem era o quadro que Afonso vendeu e que n\u00e3o descansam at\u00e9 [&hellip;]<\/p>\n","protected":false},"author":4,"featured_media":206133,"comment_status":"closed","ping_status":"closed","sticky":false,"template":"","format":"standard","meta":{"tdm_status":"","tdm_grid_status":"","footnotes":""},"categories":[2200,379,2025,372,343],"tags":[441],"class_list":{"0":"post-213065","1":"post","2":"type-post","3":"status-publish","4":"format-standard","5":"has-post-thumbnail","7":"category-coracao-indomavel","8":"category-novelas","9":"category-resumo","10":"category-sbt","11":"category-televisao","12":"tag-resumo-do-dia"},"_links":{"self":[{"href":"https:\/\/migracao.redenoticia.com.br\/noticia\/wp-json\/wp\/v2\/posts\/213065","targetHints":{"allow":["GET"]}}],"collection":[{"href":"https:\/\/migracao.redenoticia.com.br\/noticia\/wp-json\/wp\/v2\/posts"}],"about":[{"href":"https:\/\/migracao.redenoticia.com.br\/noticia\/wp-json\/wp\/v2\/types\/post"}],"author":[{"embeddable":true,"href":"https:\/\/migracao.redenoticia.com.br\/noticia\/wp-json\/wp\/v2\/users\/4"}],"replies":[{"embeddable":true,"href":"https:\/\/migracao.redenoticia.com.br\/noticia\/wp-json\/wp\/v2\/comments?post=213065"}],"version-history":[{"count":0,"href":"https:\/\/migracao.redenoticia.com.br\/noticia\/wp-json\/wp\/v2\/posts\/213065\/revisions"}],"wp:featuredmedia":[{"embeddable":true,"href":"https:\/\/migracao.redenoticia.com.br\/noticia\/wp-json\/wp\/v2\/media\/206133"}],"wp:attachment":[{"href":"https:\/\/migracao.redenoticia.com.br\/noticia\/wp-json\/wp\/v2\/media?parent=213065"}],"wp:term":[{"taxonomy":"category","embeddable":true,"href":"https:\/\/migracao.redenoticia.com.br\/noticia\/wp-json\/wp\/v2\/categories?post=213065"},{"taxonomy":"post_tag","embeddable":true,"href":"https:\/\/migracao.redenoticia.com.br\/noticia\/wp-json\/wp\/v2\/tags?post=213065"}],"curies":[{"name":"wp","href":"https:\/\/api.w.org\/{rel}","templated":true}]}}