{"id":213192,"date":"2021-12-02T12:38:30","date_gmt":"2021-12-02T15:38:30","guid":{"rendered":"https:\/\/www.redenoticia.com.br\/noticia\/?p=213192"},"modified":"2021-12-02T12:38:30","modified_gmt":"2021-12-02T15:38:30","slug":"resumo-amanha-e-para-sempre-03-12-gardenia-tenta-impedir-que-fernanda-visite-soledade","status":"publish","type":"post","link":"https:\/\/migracao.redenoticia.com.br\/noticia\/2021\/resumo-amanha-e-para-sempre-03-12-gardenia-tenta-impedir-que-fernanda-visite-soledade\/213192","title":{"rendered":"Resumo \u201cAmanh\u00e3 \u00e9 para sempre\u201d 03\/12: Gard\u00eania tenta impedir que Fernanda visite Soledade"},"content":{"rendered":"<p><img loading=\"lazy\" decoding=\"async\" class=\"aligncenter size-full wp-image-212995\" src=\"https:\/\/migracao.redenoticia.com.br\/noticia\/imagens\/amanha-e-para-sempre.jpeg\" alt=\"\" width=\"1280\" height=\"720\" srcset=\"https:\/\/migracao.redenoticia.com.br\/noticia\/imagens\/amanha-e-para-sempre.jpeg 1280w, https:\/\/migracao.redenoticia.com.br\/noticia\/imagens\/amanha-e-para-sempre-250x140.jpeg 250w, https:\/\/migracao.redenoticia.com.br\/noticia\/imagens\/amanha-e-para-sempre-400x225.jpeg 400w, https:\/\/migracao.redenoticia.com.br\/noticia\/imagens\/amanha-e-para-sempre-768x432.jpeg 768w, https:\/\/migracao.redenoticia.com.br\/noticia\/imagens\/amanha-e-para-sempre-150x85.jpeg 150w\" sizes=\"auto, (max-width: 1280px) 100vw, 1280px\" \/><\/p>\n<p><strong><em>Resumo da novela \u201cAmanh\u00e3 \u00e9 para sempre\u201d<\/em><\/strong> em 03\/12: no cap\u00edtulo 005(*) da novela, Margarida diz a Jacinto que Soledade est\u00e1 cada vez mais debilitada e sugere que contem ao patr\u00e3o o que est\u00e1 acontecendo. Jacinto diz que Eduardo est\u00e1 chegando e ele decidir\u00e1 o que fazer. B\u00e1rbara, furiosa adverte Gard\u00eania e amea\u00e7a demiti-la se continuar se ausentando para cuidar de Soledade.<\/p>\n<p>Por ordem de B\u00e1rbara, Adriano pede a Fernanda que conven\u00e7a seu pai a aceitar a compra de leite em p\u00f3 e diz que se o neg\u00f3cio for cancelado a empresa poder\u00e1 ir \u00e0 fal\u00eancia e haver\u00e1 demiss\u00e3o em massa. Assustada com as consequ\u00eancias, Fernanda decide falar com seus pais. Fernanda fica sabendo que Soledade est\u00e1 muito doente e pretende visit\u00e1-la. Gard\u00eania tenta impedir que ela v\u00e1 com medo que se encontre com Eduardo.<\/p>\n<p>(*) edi\u00e7\u00e3o das novelas do SBT, \u201cAmanh\u00e3 \u00e9 para sempre\u201d, sujeito a altera\u00e7\u00e3o de data e conte\u00fado.<\/p>\n<p>Sinopse \u201cAmanh\u00e3 \u00e9 para sempre\u201d: Fernanda \u00e9 a filha ca\u00e7ula do fazendeiro Gon\u00e7alo Elizalde, dono de uma grande companhia leiteira, e Eduardo \u00e9 filho de Soledade, a governanta da fam\u00edlia Elizalde. As duas crian\u00e7as t\u00eam crescido juntas e unidas por um amor inocente e justo, apesar da diferen\u00e7a de classes sociais.<\/p>\n<p>Gon\u00e7alo vive feliz com sua esposa Montserrat e seus cinco filhos, sem suspeitar que um inimigo implac\u00e1vel acerca aos seus. Art\u00eamio Bravo sente um \u00f3dio intenso e amargo de Gon\u00e7alo, que tem corro\u00eddo sua mente e, sua \u00fanica meta \u00e9 destruir, lenta e dolorosamente, toda a fam\u00edlia Elizalde.<\/p>\n","protected":false},"excerpt":{"rendered":"<p>Resumo da novela \u201cAmanh\u00e3 \u00e9 para sempre\u201d em 03\/12: no cap\u00edtulo 005(*) da novela, Margarida diz a Jacinto que Soledade est\u00e1 cada vez mais debilitada e sugere que contem ao patr\u00e3o o que est\u00e1 acontecendo. Jacinto diz que Eduardo est\u00e1 chegando e ele decidir\u00e1 o que fazer. B\u00e1rbara, furiosa adverte Gard\u00eania e amea\u00e7a demiti-la se [&hellip;]<\/p>\n","protected":false},"author":4,"featured_media":212996,"comment_status":"closed","ping_status":"closed","sticky":false,"template":"","format":"standard","meta":{"tdm_status":"","tdm_grid_status":"","footnotes":""},"categories":[379,2025,372,343],"tags":[441],"class_list":{"0":"post-213192","1":"post","2":"type-post","3":"status-publish","4":"format-standard","5":"has-post-thumbnail","7":"category-novelas","8":"category-resumo","9":"category-sbt","10":"category-televisao","11":"tag-resumo-do-dia"},"_links":{"self":[{"href":"https:\/\/migracao.redenoticia.com.br\/noticia\/wp-json\/wp\/v2\/posts\/213192","targetHints":{"allow":["GET"]}}],"collection":[{"href":"https:\/\/migracao.redenoticia.com.br\/noticia\/wp-json\/wp\/v2\/posts"}],"about":[{"href":"https:\/\/migracao.redenoticia.com.br\/noticia\/wp-json\/wp\/v2\/types\/post"}],"author":[{"embeddable":true,"href":"https:\/\/migracao.redenoticia.com.br\/noticia\/wp-json\/wp\/v2\/users\/4"}],"replies":[{"embeddable":true,"href":"https:\/\/migracao.redenoticia.com.br\/noticia\/wp-json\/wp\/v2\/comments?post=213192"}],"version-history":[{"count":0,"href":"https:\/\/migracao.redenoticia.com.br\/noticia\/wp-json\/wp\/v2\/posts\/213192\/revisions"}],"wp:featuredmedia":[{"embeddable":true,"href":"https:\/\/migracao.redenoticia.com.br\/noticia\/wp-json\/wp\/v2\/media\/212996"}],"wp:attachment":[{"href":"https:\/\/migracao.redenoticia.com.br\/noticia\/wp-json\/wp\/v2\/media?parent=213192"}],"wp:term":[{"taxonomy":"category","embeddable":true,"href":"https:\/\/migracao.redenoticia.com.br\/noticia\/wp-json\/wp\/v2\/categories?post=213192"},{"taxonomy":"post_tag","embeddable":true,"href":"https:\/\/migracao.redenoticia.com.br\/noticia\/wp-json\/wp\/v2\/tags?post=213192"}],"curies":[{"name":"wp","href":"https:\/\/api.w.org\/{rel}","templated":true}]}}