{"id":213194,"date":"2021-12-02T12:43:34","date_gmt":"2021-12-02T15:43:34","guid":{"rendered":"https:\/\/www.redenoticia.com.br\/noticia\/?p=213194"},"modified":"2021-12-02T12:43:34","modified_gmt":"2021-12-02T15:43:34","slug":"resumo-coracao-indomavel-03-12-otavio-afirma-a-doris-que-nao-vai-casar-se-com-ela","status":"publish","type":"post","link":"https:\/\/migracao.redenoticia.com.br\/noticia\/2021\/resumo-coracao-indomavel-03-12-otavio-afirma-a-doris-que-nao-vai-casar-se-com-ela\/213194","title":{"rendered":"Resumo &#8220;Cora\u00e7\u00e3o Indom\u00e1vel&#8221; 03\/12: Ot\u00e1vio afirma a Doris que n\u00e3o vai casar-se com ela"},"content":{"rendered":"<p><img loading=\"lazy\" decoding=\"async\" class=\"aligncenter size-full wp-image-206134\" src=\"https:\/\/migracao.redenoticia.com.br\/noticia\/imagens\/coracao-indomavel-resumo-novela-elenco.jpeg\" alt=\"\" width=\"1280\" height=\"720\" srcset=\"https:\/\/migracao.redenoticia.com.br\/noticia\/imagens\/coracao-indomavel-resumo-novela-elenco.jpeg 1280w, https:\/\/migracao.redenoticia.com.br\/noticia\/imagens\/coracao-indomavel-resumo-novela-elenco-250x140.jpeg 250w, https:\/\/migracao.redenoticia.com.br\/noticia\/imagens\/coracao-indomavel-resumo-novela-elenco-400x225.jpeg 400w, https:\/\/migracao.redenoticia.com.br\/noticia\/imagens\/coracao-indomavel-resumo-novela-elenco-768x432.jpeg 768w, https:\/\/migracao.redenoticia.com.br\/noticia\/imagens\/coracao-indomavel-resumo-novela-elenco-150x85.jpeg 150w\" sizes=\"auto, (max-width: 1280px) 100vw, 1280px\" \/><\/p>\n<p><strong><em>Resumo da novela &#8220;Cora\u00e7\u00e3o Indom\u00e1vel&#8221;<\/em><\/strong> em 03\/12: no cap\u00edtulo 139(*) da novela, Maricruz convence Elsa a tomar seu rem\u00e9dio. Elsa diz a Maricruz que \u00c1lvaro gosta de v\u00ea-la sofrer e, por isso, ela op\u00f4s a sua rela\u00e7\u00e3o com Afonso. Eduardo aconselha Ot\u00e1vio a terminar sua rela\u00e7\u00e3o com Doris. Ot\u00e1vio decide n\u00e3o se casar com Doris. Elsa pede a Maricruz que diga o que sabe sobre Afonso. Ot\u00e1vio diz a Doris que n\u00e3o pretende se casar com ela.<\/p>\n<p>Elsa pergunta a \u00c1lvaro quem realmente \u00e9 Maricruz. Ot\u00e1vio diz a Doris que pode amar somente Maricruz e est\u00e1 certo de que ela tamb\u00e9m jamais poder\u00e1 amar outra pessoa. Doris lhe d\u00e1 uma bofetada. \u00c1lvaro diz a Elsa que est\u00e1 muito apaixonado por Maricruz. Doris diz a Ot\u00e1vio que lhe dar\u00e1 um prazo de dois dias para pensar e decidir se realmente n\u00e3o quer se casar com ela.<\/p>\n<p>Elsa diz a \u00c1lvaro que gosta da companhia de Maricruz, mas apenas a aceitar\u00e1 enquanto empregada, jamais como Madrasta. Maricruz diz a \u00c1lvaro que sente apenas um grande carinho por ele. Elsa diz a Madalena que n\u00e3o quer outro homem que n\u00e3o seja Afonso. \u00c1lvaro diz a Madalena que Maricruz n\u00e3o corresponde seu amor por seguir apaixonada por seu ex-esposo.<\/p>\n<p>Elsa pergunta a Maricruz porque ela escondeu que pretendia se casar com \u00c1lvaro, se ela acredita que eram amigas. Na pens\u00e3o de Serafina, Ot\u00e1vio pergunta por Maricruz. Serafina nega saber algo dela. Elsa pede a Maricruz que a demonstre que ser\u00e1 uma boa madrasta fazendo com que Afonso volte com ela.<\/p>\n<p>(*) edi\u00e7\u00e3o das novelas do SBT, &#8220;Cora\u00e7\u00e3o Indom\u00e1vel&#8221;, sujeito a altera\u00e7\u00e3o de data e conte\u00fado.<\/p>\n<p>Sinopse &#8220;Cora\u00e7\u00e3o Indom\u00e1vel&#8221;: A novela conta a hist\u00f3ria da pobre Maricruz que, ap\u00f3s ter sido abandonada pelo marido, decide se vingar daqueles que a humilharam. Ela descobre ser filha de um homem rico, tornando-se uma mulher da alta sociedade.<\/p>\n","protected":false},"excerpt":{"rendered":"<p>Resumo da novela &#8220;Cora\u00e7\u00e3o Indom\u00e1vel&#8221; em 03\/12: no cap\u00edtulo 139(*) da novela, Maricruz convence Elsa a tomar seu rem\u00e9dio. Elsa diz a Maricruz que \u00c1lvaro gosta de v\u00ea-la sofrer e, por isso, ela op\u00f4s a sua rela\u00e7\u00e3o com Afonso. Eduardo aconselha Ot\u00e1vio a terminar sua rela\u00e7\u00e3o com Doris. Ot\u00e1vio decide n\u00e3o se casar com Doris. [&hellip;]<\/p>\n","protected":false},"author":4,"featured_media":206133,"comment_status":"closed","ping_status":"closed","sticky":false,"template":"","format":"standard","meta":{"tdm_status":"","tdm_grid_status":"","footnotes":""},"categories":[2200,379,2025,372,343],"tags":[441],"class_list":{"0":"post-213194","1":"post","2":"type-post","3":"status-publish","4":"format-standard","5":"has-post-thumbnail","7":"category-coracao-indomavel","8":"category-novelas","9":"category-resumo","10":"category-sbt","11":"category-televisao","12":"tag-resumo-do-dia"},"_links":{"self":[{"href":"https:\/\/migracao.redenoticia.com.br\/noticia\/wp-json\/wp\/v2\/posts\/213194","targetHints":{"allow":["GET"]}}],"collection":[{"href":"https:\/\/migracao.redenoticia.com.br\/noticia\/wp-json\/wp\/v2\/posts"}],"about":[{"href":"https:\/\/migracao.redenoticia.com.br\/noticia\/wp-json\/wp\/v2\/types\/post"}],"author":[{"embeddable":true,"href":"https:\/\/migracao.redenoticia.com.br\/noticia\/wp-json\/wp\/v2\/users\/4"}],"replies":[{"embeddable":true,"href":"https:\/\/migracao.redenoticia.com.br\/noticia\/wp-json\/wp\/v2\/comments?post=213194"}],"version-history":[{"count":0,"href":"https:\/\/migracao.redenoticia.com.br\/noticia\/wp-json\/wp\/v2\/posts\/213194\/revisions"}],"wp:featuredmedia":[{"embeddable":true,"href":"https:\/\/migracao.redenoticia.com.br\/noticia\/wp-json\/wp\/v2\/media\/206133"}],"wp:attachment":[{"href":"https:\/\/migracao.redenoticia.com.br\/noticia\/wp-json\/wp\/v2\/media?parent=213194"}],"wp:term":[{"taxonomy":"category","embeddable":true,"href":"https:\/\/migracao.redenoticia.com.br\/noticia\/wp-json\/wp\/v2\/categories?post=213194"},{"taxonomy":"post_tag","embeddable":true,"href":"https:\/\/migracao.redenoticia.com.br\/noticia\/wp-json\/wp\/v2\/tags?post=213194"}],"curies":[{"name":"wp","href":"https:\/\/api.w.org\/{rel}","templated":true}]}}