{"id":213363,"date":"2021-12-07T13:09:12","date_gmt":"2021-12-07T16:09:12","guid":{"rendered":"https:\/\/www.redenoticia.com.br\/noticia\/?p=213363"},"modified":"2021-12-07T13:09:12","modified_gmt":"2021-12-07T16:09:12","slug":"resumo-coracao-indomavel-08-12-maricruz-decide-deixar-de-trabalhar-na-casa-de-alvaro","status":"publish","type":"post","link":"https:\/\/migracao.redenoticia.com.br\/noticia\/2021\/resumo-coracao-indomavel-08-12-maricruz-decide-deixar-de-trabalhar-na-casa-de-alvaro\/213363","title":{"rendered":"Resumo &#8220;Cora\u00e7\u00e3o Indom\u00e1vel&#8221; 08\/12: Maricruz decide deixar de trabalhar na casa de \u00c1lvaro"},"content":{"rendered":"<p><img loading=\"lazy\" decoding=\"async\" class=\"aligncenter size-full wp-image-206134\" src=\"https:\/\/migracao.redenoticia.com.br\/noticia\/imagens\/coracao-indomavel-resumo-novela-elenco.jpeg\" alt=\"\" width=\"1280\" height=\"720\" srcset=\"https:\/\/migracao.redenoticia.com.br\/noticia\/imagens\/coracao-indomavel-resumo-novela-elenco.jpeg 1280w, https:\/\/migracao.redenoticia.com.br\/noticia\/imagens\/coracao-indomavel-resumo-novela-elenco-250x140.jpeg 250w, https:\/\/migracao.redenoticia.com.br\/noticia\/imagens\/coracao-indomavel-resumo-novela-elenco-400x225.jpeg 400w, https:\/\/migracao.redenoticia.com.br\/noticia\/imagens\/coracao-indomavel-resumo-novela-elenco-768x432.jpeg 768w, https:\/\/migracao.redenoticia.com.br\/noticia\/imagens\/coracao-indomavel-resumo-novela-elenco-150x85.jpeg 150w\" sizes=\"auto, (max-width: 1280px) 100vw, 1280px\" \/><\/p>\n<p><strong><em>Resumo da novela &#8220;Cora\u00e7\u00e3o Indom\u00e1vel&#8221;<\/em><\/strong> em 08\/12: no cap\u00edtulo 142(*) da novela, Ot\u00e1vio pergunta a Clementina sobre Maricruz. Maricruz diz a Elsa que Afonso n\u00e3o amava ningu\u00e9m e que pretendia se casar com outra mulher. Ela reafirma que n\u00e3o o matou e nem posou nua para ele. Elsa, zangada, diz odiar Maricruz. Liz diz a Maricruz que se encarregar\u00e1 de revelar a Elsa que ela \u00e9 adotada.<\/p>\n<p>Clementina diz a Ot\u00e1vio que assim que tiver not\u00edcias de Maricruz, far\u00e1 com que ele saiba. Elsa chama Maricruz de assassina, depois se altera e desmaia. Maricruz diz a \u00c1lvaro que Liz contou a Elsa a verdade sobre Afonso.<\/p>\n<p>Joaninha visita Clementina<\/p>\n<p>Doris diz a Ot\u00e1vio que Maricruz lhe contou que j\u00e1 n\u00e3o se interessa mais por ele. Maricruz diz a \u00c1lvaro o que Liz revelou a respeito de Elsa. Joaninha visita Clementina e diz que Ot\u00e1vio a est\u00e1 procurando.<\/p>\n<p>Por telefone, Joaninha conta a Ot\u00e1vio que Maricruz est\u00e1 na casa de \u00c1lvaro. Pelo mal-entendido com Elsa, Maricruz decide deixar de trabalhar na casa de \u00c1lvaro.<\/p>\n<p>(*) edi\u00e7\u00e3o das novelas do SBT, &#8220;Cora\u00e7\u00e3o Indom\u00e1vel&#8221;, sujeito a altera\u00e7\u00e3o de data e conte\u00fado.<\/p>\n<p>Sinopse &#8220;Cora\u00e7\u00e3o Indom\u00e1vel&#8221;: A novela conta a hist\u00f3ria da pobre Maricruz que, ap\u00f3s ter sido abandonada pelo marido, decide se vingar daqueles que a humilharam. Ela descobre ser filha de um homem rico, tornando-se uma mulher da alta sociedade.<\/p>\n","protected":false},"excerpt":{"rendered":"<p>Resumo da novela &#8220;Cora\u00e7\u00e3o Indom\u00e1vel&#8221; em 08\/12: no cap\u00edtulo 142(*) da novela, Ot\u00e1vio pergunta a Clementina sobre Maricruz. Maricruz diz a Elsa que Afonso n\u00e3o amava ningu\u00e9m e que pretendia se casar com outra mulher. Ela reafirma que n\u00e3o o matou e nem posou nua para ele. Elsa, zangada, diz odiar Maricruz. Liz diz a [&hellip;]<\/p>\n","protected":false},"author":4,"featured_media":206133,"comment_status":"closed","ping_status":"closed","sticky":false,"template":"","format":"standard","meta":{"tdm_status":"","tdm_grid_status":"","footnotes":""},"categories":[2200,379,2025,372,343],"tags":[441],"class_list":{"0":"post-213363","1":"post","2":"type-post","3":"status-publish","4":"format-standard","5":"has-post-thumbnail","7":"category-coracao-indomavel","8":"category-novelas","9":"category-resumo","10":"category-sbt","11":"category-televisao","12":"tag-resumo-do-dia"},"_links":{"self":[{"href":"https:\/\/migracao.redenoticia.com.br\/noticia\/wp-json\/wp\/v2\/posts\/213363","targetHints":{"allow":["GET"]}}],"collection":[{"href":"https:\/\/migracao.redenoticia.com.br\/noticia\/wp-json\/wp\/v2\/posts"}],"about":[{"href":"https:\/\/migracao.redenoticia.com.br\/noticia\/wp-json\/wp\/v2\/types\/post"}],"author":[{"embeddable":true,"href":"https:\/\/migracao.redenoticia.com.br\/noticia\/wp-json\/wp\/v2\/users\/4"}],"replies":[{"embeddable":true,"href":"https:\/\/migracao.redenoticia.com.br\/noticia\/wp-json\/wp\/v2\/comments?post=213363"}],"version-history":[{"count":0,"href":"https:\/\/migracao.redenoticia.com.br\/noticia\/wp-json\/wp\/v2\/posts\/213363\/revisions"}],"wp:featuredmedia":[{"embeddable":true,"href":"https:\/\/migracao.redenoticia.com.br\/noticia\/wp-json\/wp\/v2\/media\/206133"}],"wp:attachment":[{"href":"https:\/\/migracao.redenoticia.com.br\/noticia\/wp-json\/wp\/v2\/media?parent=213363"}],"wp:term":[{"taxonomy":"category","embeddable":true,"href":"https:\/\/migracao.redenoticia.com.br\/noticia\/wp-json\/wp\/v2\/categories?post=213363"},{"taxonomy":"post_tag","embeddable":true,"href":"https:\/\/migracao.redenoticia.com.br\/noticia\/wp-json\/wp\/v2\/tags?post=213363"}],"curies":[{"name":"wp","href":"https:\/\/api.w.org\/{rel}","templated":true}]}}