{"id":213410,"date":"2021-12-08T12:50:46","date_gmt":"2021-12-08T15:50:46","guid":{"rendered":"https:\/\/www.redenoticia.com.br\/noticia\/?p=213410"},"modified":"2021-12-08T12:50:46","modified_gmt":"2021-12-08T15:50:46","slug":"resumo-coracao-indomavel-09-12-otavio-ve-uma-noticia-sobre-maricruz","status":"publish","type":"post","link":"https:\/\/migracao.redenoticia.com.br\/noticia\/2021\/resumo-coracao-indomavel-09-12-otavio-ve-uma-noticia-sobre-maricruz\/213410","title":{"rendered":"Resumo &#8220;Cora\u00e7\u00e3o Indom\u00e1vel&#8221; 09\/12: Ot\u00e1vio v\u00ea uma not\u00edcia sobre Maricruz"},"content":{"rendered":"<p><img loading=\"lazy\" decoding=\"async\" class=\"aligncenter size-full wp-image-206134\" src=\"https:\/\/migracao.redenoticia.com.br\/noticia\/imagens\/coracao-indomavel-resumo-novela-elenco.jpeg\" alt=\"\" width=\"1280\" height=\"720\" srcset=\"https:\/\/migracao.redenoticia.com.br\/noticia\/imagens\/coracao-indomavel-resumo-novela-elenco.jpeg 1280w, https:\/\/migracao.redenoticia.com.br\/noticia\/imagens\/coracao-indomavel-resumo-novela-elenco-250x140.jpeg 250w, https:\/\/migracao.redenoticia.com.br\/noticia\/imagens\/coracao-indomavel-resumo-novela-elenco-400x225.jpeg 400w, https:\/\/migracao.redenoticia.com.br\/noticia\/imagens\/coracao-indomavel-resumo-novela-elenco-768x432.jpeg 768w, https:\/\/migracao.redenoticia.com.br\/noticia\/imagens\/coracao-indomavel-resumo-novela-elenco-150x85.jpeg 150w\" sizes=\"auto, (max-width: 1280px) 100vw, 1280px\" \/><\/p>\n<p><strong><em>Resumo da novela &#8220;Cora\u00e7\u00e3o Indom\u00e1vel&#8221;<\/em><\/strong> em 09\/12: no cap\u00edtulo 143(*) da novela, Maricruz diz a \u00c1lvaro que est\u00e1 muito agradecida pela ajuda que ele a ofereceu, mas se faz necess\u00e1rio que ela deixe o trabalho o quanto antes. Maricruz se despede de Elsa e ela a pede que n\u00e3o volte \u00e0 sua casa nunca mais. Ot\u00e1vio chega \u00e0 casa de \u00c1lvaro procurando Maricruz.<\/p>\n<p>Doris chega ao apartamento de Ot\u00e1vio, o porteiro diz que Ot\u00e1vio saiu. \u00c1lvaro diz a Ot\u00e1vio que Maricruz deixou a casa. Ot\u00e1vio segue buscando o paradeiro de Maricruz e Lupita. Maricruz volta para casa de Clementina. \u00c1lvaro garante a Ot\u00e1vio que ele sempre foi o \u00fanico amor de Maricruz.<\/p>\n<p>Maricruz diz a Joaninha que conseguiu trabalho na casa de Clementina, e que a mesma vai cuidar de Lupita enquanto ela trabalhar. Maricruz consegue trabalho em uma cantina. Ot\u00e1vio diz a Eduardo que contratar\u00e1 um detetive para que encontre Maricruz. Na casa de Clementina, Mercedes v\u00ea Lupita e pensa que ela \u00e9 a filha de Afonso.<\/p>\n<p>C\u00e9lia pergunta a Clementina se Lupita \u00e9 filha de Afonso. Antonia oferece carona a Maricruz para lev\u00e1-la de volta a sua casa depois do trabalho, pois a rua \u00e9 muito perigosa. Maricruz n\u00e3o aceita e diz que mora muito perto do local de trabalho. Voltando para casa, Maricruz \u00e9 assaltada e ferida. Ap\u00f3s o ataque ela cai no ch\u00e3o sem os sentidos. Ot\u00e1vio v\u00ea uma not\u00edcia sobre Maricruz.<\/p>\n<p>(*) edi\u00e7\u00e3o das novelas do SBT, &#8220;Cora\u00e7\u00e3o Indom\u00e1vel&#8221;, sujeito a altera\u00e7\u00e3o de data e conte\u00fado.<\/p>\n<p>Sinopse &#8220;Cora\u00e7\u00e3o Indom\u00e1vel&#8221;: A novela conta a hist\u00f3ria da pobre Maricruz que, ap\u00f3s ter sido abandonada pelo marido, decide se vingar daqueles que a humilharam. Ela descobre ser filha de um homem rico, tornando-se uma mulher da alta sociedade.<\/p>\n","protected":false},"excerpt":{"rendered":"<p>Resumo da novela &#8220;Cora\u00e7\u00e3o Indom\u00e1vel&#8221; em 09\/12: no cap\u00edtulo 143(*) da novela, Maricruz diz a \u00c1lvaro que est\u00e1 muito agradecida pela ajuda que ele a ofereceu, mas se faz necess\u00e1rio que ela deixe o trabalho o quanto antes. Maricruz se despede de Elsa e ela a pede que n\u00e3o volte \u00e0 sua casa nunca mais. [&hellip;]<\/p>\n","protected":false},"author":4,"featured_media":206133,"comment_status":"closed","ping_status":"closed","sticky":false,"template":"","format":"standard","meta":{"tdm_status":"","tdm_grid_status":"","footnotes":""},"categories":[2200,379,2025,372,343],"tags":[441],"class_list":{"0":"post-213410","1":"post","2":"type-post","3":"status-publish","4":"format-standard","5":"has-post-thumbnail","7":"category-coracao-indomavel","8":"category-novelas","9":"category-resumo","10":"category-sbt","11":"category-televisao","12":"tag-resumo-do-dia"},"_links":{"self":[{"href":"https:\/\/migracao.redenoticia.com.br\/noticia\/wp-json\/wp\/v2\/posts\/213410","targetHints":{"allow":["GET"]}}],"collection":[{"href":"https:\/\/migracao.redenoticia.com.br\/noticia\/wp-json\/wp\/v2\/posts"}],"about":[{"href":"https:\/\/migracao.redenoticia.com.br\/noticia\/wp-json\/wp\/v2\/types\/post"}],"author":[{"embeddable":true,"href":"https:\/\/migracao.redenoticia.com.br\/noticia\/wp-json\/wp\/v2\/users\/4"}],"replies":[{"embeddable":true,"href":"https:\/\/migracao.redenoticia.com.br\/noticia\/wp-json\/wp\/v2\/comments?post=213410"}],"version-history":[{"count":0,"href":"https:\/\/migracao.redenoticia.com.br\/noticia\/wp-json\/wp\/v2\/posts\/213410\/revisions"}],"wp:featuredmedia":[{"embeddable":true,"href":"https:\/\/migracao.redenoticia.com.br\/noticia\/wp-json\/wp\/v2\/media\/206133"}],"wp:attachment":[{"href":"https:\/\/migracao.redenoticia.com.br\/noticia\/wp-json\/wp\/v2\/media?parent=213410"}],"wp:term":[{"taxonomy":"category","embeddable":true,"href":"https:\/\/migracao.redenoticia.com.br\/noticia\/wp-json\/wp\/v2\/categories?post=213410"},{"taxonomy":"post_tag","embeddable":true,"href":"https:\/\/migracao.redenoticia.com.br\/noticia\/wp-json\/wp\/v2\/tags?post=213410"}],"curies":[{"name":"wp","href":"https:\/\/api.w.org\/{rel}","templated":true}]}}