{"id":2135,"date":"2009-05-30T11:38:56","date_gmt":"2009-05-30T15:38:56","guid":{"rendered":"http:\/\/www.redenoticia.com.br\/noticia\/?p=2135"},"modified":"2009-07-27T02:11:24","modified_gmt":"2009-07-27T02:11:24","slug":"cientistas-desenvolvem-sensores-ambientais-para-a-amazonia","status":"publish","type":"post","link":"https:\/\/migracao.redenoticia.com.br\/noticia\/2009\/cientistas-desenvolvem-sensores-ambientais-para-a-amazonia\/2135","title":{"rendered":"Cientistas desenvolvem sensores ambientais para a Amaz\u00f4nia"},"content":{"rendered":"<p class=\"MsoNormal\" style=\"background: white none repeat scroll 0%;\"><span style=\"font-size: 11pt; font-family: Arial;\">Um workshop realizado na sede da FAPESP nesta quarta-feira (27\/5), com organiza\u00e7\u00e3o da Funda\u00e7\u00e3o e da Microsoft Research (MSR), reuniu pesquisadores brasileiros e norte-americanos para discutir possibilidades de desenvolvimento de redes de sensores ambientais adaptados \u00e0s florestas tropicais.<\/span><\/p>\n<p class=\"MsoNormal\" style=\"background: white none repeat scroll 0%;\"><span style=\"font-size: 11pt; font-family: Arial;\">Projetar sensores mais robustos e mais baratos, capazes de medir dados como temperatura e umidade, \u00e9 essencial para possibilitar o monitoramento ambiental tridimensional da Amaz\u00f4nia a partir de redes de sensores espalhados em grandes \u00e1reas de florestas, de acordo com Carlos Nobre, pesquisador do Centro de Previs\u00e3o de Tempo e Estudos Clim\u00e1ticos (CPTEC) do Instituto Nacional de Pesquisas Espaciais (Inpe) e coordenador executivo do Programa FAPESP de Pesquisa em Mudan\u00e7a Clim\u00e1tica Global (PFPMCG).<\/span><\/p>\n<p class=\"MsoNormal\" style=\"background: white none repeat scroll 0%;\"><span style=\"font-size: 11pt; font-family: Arial;\">Al\u00e9m de Nobre, participaram da reuni\u00e3o Carlos Henrique de Brito Cruz, diretor cient\u00edfico da FAPESP, Humberto Ribeiro da Rocha, do Instituto de Astronomia, Geof\u00edsica e Ci\u00eancias Atmosf\u00e9ricas da Universidade de S\u00e3o Paulo (USP), Ant\u00f4nio Alfredo Loureiro, do Departamento de Ci\u00eancia da Computa\u00e7\u00e3o da Universidade Federal de Minas Gerais (UFMG), Juliana Salles, gerente do Programa de Pesquisas da MSR, Rob Fatland, pesquisador da MSR, e Doug Carlson, da Universidade Johns Hopkins.<\/span><\/p>\n<p class=\"MsoNormal\" style=\"background: white none repeat scroll 0%;\"><span style=\"font-size: 11pt; font-family: Arial;\">Segundo Nobre, os participantes brasileiros do grupo t\u00eam longa experi\u00eancia no monitoramento com base em medi\u00e7\u00f5es de condi\u00e7\u00f5es de florestas tropicais. Mas at\u00e9 agora, por falta de sensores adaptados a essas condi\u00e7\u00f5es e que tivessem pre\u00e7os acess\u00edveis, n\u00e3o foi poss\u00edvel instalar redes capazes de extrair amostras de alta frequ\u00eancia e cobertura em tr\u00eas dimens\u00f5es. Ele conta que os sensores utilizados atualmente podem chegar a R$ 20 mil por unidade.<\/span><\/p>\n<p class=\"MsoNormal\" style=\"background: white none repeat scroll 0%;\"><span style=\"font-size: 11pt; font-family: Arial;\">\u201cV\u00e1rias extrapola\u00e7\u00f5es foram feitas a partir de dados obtidos em torres na Amaz\u00f4nia, mas n\u00e3o temos de fato uma vis\u00e3o tridimensional, que permitiria o acesso a dados cient\u00edficos preciosos para estudo de fen\u00f4menos como as mudan\u00e7as clim\u00e1ticas. O ideal seria poder espalhar algo como mil sensores em uma \u00e1rea de 10 quil\u00f4metros quadrados, por exemplo\u201d, disse Nobre \u00e0 <strong>Ag\u00eancia FAPESP<\/strong>.<\/span><\/p>\n<p class=\"MsoNormal\" style=\"background: white none repeat scroll 0%;\"><span style=\"font-size: 11pt; font-family: Arial;\">Nobre explicou que a participa\u00e7\u00e3o da FAPESP no projeto se d\u00e1 em n\u00edvel de supervis\u00e3o e de promo\u00e7\u00e3o. \u201cEssa parceria n\u00e3o tem rela\u00e7\u00e3o com o processo de distribui\u00e7\u00e3o de recursos da FAPESP, mas a Funda\u00e7\u00e3o est\u00e1 cumprindo um papel de articula\u00e7\u00e3o da comunidade cient\u00edfica em torno de um tema de relev\u00e2ncia cient\u00edfica. Se o projeto envolvendo a MSR, Inpe, USP, UFMG e Johns Hopkins obtiver sucesso, o PFPMCG poder\u00e1 lan\u00e7ar um edital\u201d, disse.<\/span><\/p>\n<p class=\"MsoNormal\" style=\"background: white none repeat scroll 0%;\"><span style=\"font-size: 11pt; font-family: Arial;\">De acordo com a gerente do Programa de Pesquisas da MSR, Juliana Salles, o grupo ir\u00e1 instalar em setembro, em um n\u00facleo de pesquisas do Instituto Florestal na Mata Atl\u00e2ntica, no interior de S\u00e3o Paulo, um projeto piloto com sensores desenvolvidos em parceria entre a Johns Hopkins e a MSR que est\u00e3o sendo produzidos na Col\u00f4mbia.<\/span><\/p>\n<p class=\"MsoNormal\" style=\"background: white none repeat scroll 0%;\"><span style=\"font-size: 11pt; font-family: Arial;\">\u201cO objetivo \u00e9 desenvolver e adaptar uma rede de sensores a estudos na Amaz\u00f4nia. A primeira fase do projeto, no entanto, consistir\u00e1 em um projeto piloto que ser\u00e1 instalado em uma regi\u00e3o mais pr\u00f3xima, na Mata Atl\u00e2ntica, em setembro\u201d, disse.<\/span><\/p>\n<p class=\"MsoNormal\" style=\"background: white none repeat scroll 0%;\"><span style=\"font-size: 11pt; font-family: Arial;\">Segundo Juliana, a equipe visitar\u00e1 o local nesta quinta-feira (28\/5) para instalar alguns sensores e fazer medi\u00e7\u00f5es, a fim de colher os primeiros subs\u00eddios para o processo de design dos sensores, que est\u00e1 sendo coordenado por Fatland.<\/span><\/p>\n<p class=\"MsoNormal\" style=\"background: white none repeat scroll 0%;\"><span style=\"font-size: 11pt; font-family: Arial;\">\u201cA ideia \u00e9 instalar 50 sensores em uma rede tridimensional \u2013 isto \u00e9, com sensores espalhados por uma \u00e1rea em v\u00e1rias alturas \u2013 e coletar dados a cada 30 segundos por cinco semanas. Depois, esses dados ser\u00e3o trabalhados pelos softwares que foram desenvolvidos pela Johns Hopkins. Vamos analisar os resultados, compil\u00e1-los e, a partir da\u00ed, planejar a etapa de instala\u00e7\u00e3o na Amaz\u00f4nia\u201d, disse.<\/p>\n<p><strong>Observa\u00e7\u00f5es in\u00e9ditas<\/strong><\/p>\n<p>De acordo com Ribeiro da Rocha, o projeto piloto ser\u00e1 realizado com um sistema de sensores relativamente barato j\u00e1 desenvolvido pelos membros norte-americanos do grupo. Segundo ele, cada m\u00f3dulo custa cerca de US$ 500.<\/span><\/p>\n<p class=\"MsoNormal\" style=\"background: white none repeat scroll 0%;\"><span style=\"font-size: 11pt; font-family: Arial;\">\u201cNas pr\u00f3ximas semanas vamos propor algumas modifica\u00e7\u00f5es nos sensores trazidos pelos colegas norte-americanos e, em seguida, eles fabricar\u00e3o as 50 unidades. Depois da realiza\u00e7\u00e3o do projeto piloto, analisaremos quais s\u00e3o os gargalos e \u00e9 poss\u00edvel que tenhamos que adaptar esses sensores e, com isso, o custo poder\u00e1 variar um pouco para cima ou para baixo\u201d, explicou.<\/span><\/p>\n<p class=\"MsoNormal\" style=\"background: white none repeat scroll 0%;\"><span style=\"font-size: 11pt; font-family: Arial;\">Segundo Carlson, as vantagens dos sensores desenvolvidos at\u00e9 agora na Johns Hopkins s\u00e3o a possibilidade de coleta de dados em grande escala, a acessibilidade, a observa\u00e7\u00e3o cont\u00ednua e o monitoramento inteligente. \u201cEssas condi\u00e7\u00f5es permitem coletar mais dados com menor esfor\u00e7o, dando acesso a fen\u00f4menos que nunca foram observados\u201d, disse.<\/span><\/p>\n<p class=\"MsoNormal\" style=\"background: white none repeat scroll 0%;\"><span style=\"font-size: 11pt; font-family: Arial;\">Os sensores desenvolvidos, segundo ele, s\u00e3o capazes de monitorar a temperatura, a umidade e a concentra\u00e7\u00e3o de di\u00f3xido de carbono no solo, com cerca de 130 amostras por hora.<\/span><\/p>\n<p class=\"MsoNormal\" style=\"text-align: justify;\"><span style=\"font-size: 11pt; font-family: Arial;\">\u201cO objetivo era desenvolver sensores que unissem longevidade, boa rela\u00e7\u00e3o entre custo e efici\u00eancia, confiabilidade, integridade dos dados e detec\u00e7\u00e3o precoce de falhas\u201d, destacou. <\/span><\/p>\n<p class=\"MsoNormal\" style=\"text-align: justify;\"><span style=\"font-size: 11pt; font-family: Arial;\"> <\/span><\/p>\n<p class=\"MsoNormal\" style=\"background: white none repeat scroll 0%;\"><strong><span style=\"font-size: 11pt; font-family: Arial;\">Ag\u00eancia FAPESP<\/span><\/strong><span style=\"font-size: 11pt; font-family: Arial;\"> \u2013 <strong>F\u00e1bio de Castro<\/strong><\/span><\/p>\n","protected":false},"excerpt":{"rendered":"<p>Um workshop realizado na sede da FAPESP nesta quarta-feira (27\/5), com organiza\u00e7\u00e3o da Funda\u00e7\u00e3o e da Microsoft Research (MSR), reuniu pesquisadores brasileiros e norte-americanos para discutir possibilidades de desenvolvimento de redes de sensores ambientais adaptados \u00e0s florestas tropicais. Projetar sensores mais robustos e mais baratos, capazes de medir dados como temperatura e umidade, \u00e9 essencial [&hellip;]<\/p>\n","protected":false},"author":3,"featured_media":0,"comment_status":"open","ping_status":"open","sticky":false,"template":"","format":"standard","meta":{"tdm_status":"","tdm_grid_status":"","footnotes":""},"categories":[22,327],"tags":[],"class_list":{"0":"post-2135","1":"post","2":"type-post","3":"status-publish","4":"format-standard","6":"category-brasil","7":"category-clima"},"_links":{"self":[{"href":"https:\/\/migracao.redenoticia.com.br\/noticia\/wp-json\/wp\/v2\/posts\/2135","targetHints":{"allow":["GET"]}}],"collection":[{"href":"https:\/\/migracao.redenoticia.com.br\/noticia\/wp-json\/wp\/v2\/posts"}],"about":[{"href":"https:\/\/migracao.redenoticia.com.br\/noticia\/wp-json\/wp\/v2\/types\/post"}],"author":[{"embeddable":true,"href":"https:\/\/migracao.redenoticia.com.br\/noticia\/wp-json\/wp\/v2\/users\/3"}],"replies":[{"embeddable":true,"href":"https:\/\/migracao.redenoticia.com.br\/noticia\/wp-json\/wp\/v2\/comments?post=2135"}],"version-history":[{"count":0,"href":"https:\/\/migracao.redenoticia.com.br\/noticia\/wp-json\/wp\/v2\/posts\/2135\/revisions"}],"wp:attachment":[{"href":"https:\/\/migracao.redenoticia.com.br\/noticia\/wp-json\/wp\/v2\/media?parent=2135"}],"wp:term":[{"taxonomy":"category","embeddable":true,"href":"https:\/\/migracao.redenoticia.com.br\/noticia\/wp-json\/wp\/v2\/categories?post=2135"},{"taxonomy":"post_tag","embeddable":true,"href":"https:\/\/migracao.redenoticia.com.br\/noticia\/wp-json\/wp\/v2\/tags?post=2135"}],"curies":[{"name":"wp","href":"https:\/\/api.w.org\/{rel}","templated":true}]}}