{"id":213646,"date":"2021-12-14T12:57:48","date_gmt":"2021-12-14T15:57:48","guid":{"rendered":"https:\/\/www.redenoticia.com.br\/noticia\/?p=213646"},"modified":"2021-12-14T12:57:48","modified_gmt":"2021-12-14T15:57:48","slug":"resumo-o-clone-15-12-lobato-leonidas-e-albieri-discutem-sobre-clonagem","status":"publish","type":"post","link":"https:\/\/migracao.redenoticia.com.br\/noticia\/2021\/resumo-o-clone-15-12-lobato-leonidas-e-albieri-discutem-sobre-clonagem\/213646","title":{"rendered":"Resumo &#8220;O Clone&#8221; 15\/12: Lobato, Le\u00f4nidas e Albieri discutem sobre clonagem"},"content":{"rendered":"<p><img loading=\"lazy\" decoding=\"async\" class=\"aligncenter size-full wp-image-210455\" src=\"https:\/\/migracao.redenoticia.com.br\/noticia\/imagens\/o-clone-resumo-reprise.jpeg\" alt=\"\" width=\"1280\" height=\"720\" srcset=\"https:\/\/migracao.redenoticia.com.br\/noticia\/imagens\/o-clone-resumo-reprise.jpeg 1280w, https:\/\/migracao.redenoticia.com.br\/noticia\/imagens\/o-clone-resumo-reprise-250x140.jpeg 250w, https:\/\/migracao.redenoticia.com.br\/noticia\/imagens\/o-clone-resumo-reprise-400x225.jpeg 400w, https:\/\/migracao.redenoticia.com.br\/noticia\/imagens\/o-clone-resumo-reprise-768x432.jpeg 768w, https:\/\/migracao.redenoticia.com.br\/noticia\/imagens\/o-clone-resumo-reprise-150x85.jpeg 150w\" sizes=\"auto, (max-width: 1280px) 100vw, 1280px\" \/><\/p>\n<p><em><strong>Resumo da novela &#8220;O Clone&#8221;<\/strong><\/em> em 15\/12: no cap\u00edtulo 053(*) da novela, Xande desce do ringue ao ver Karla a sair com Vitor. Ao dar de caras com Yvete na sala de sua casa, Le\u00f4nidas sai a correr. Yvete corre atr\u00e1s dele aos gritos. Maysa acha que ela \u00e9 uma das amantes de Lucas. Albieri entra em conflito ao saber do primeiro clone humano.<\/p>\n<p>Ali decide ir ao Brasil. Mel questiona o pai sobre as amantes. Le\u00f4nidas assume que a mulher que gritava queria falar com ele. Lobato estranha o comportamento de Carol. Lucas reage ao saber que Albieri se encontrou com Jade. Lobato, Le\u00f4nidas e Albieri discutem sobre clonagem.<\/p>\n<p>(*) edi\u00e7\u00e3o das novelas da Globo, &#8220;O Clone&#8221;, sujeito a altera\u00e7\u00e3o de data e conte\u00fado.<\/p>\n<p>Sinopse &#8220;O Clone&#8221;: In\u00edcio dos anos 1980. Le\u00f4nidas Ferraz (Reginaldo Faria) \u00e9 um empres\u00e1rio vi\u00favo com uma vida resumida aos seus neg\u00f3cios, pai de g\u00eameos id\u00eanticos: Diogo e Lucas (Murilo Ben\u00edcio).[34] Ap\u00f3s a morte de sua m\u00e3e no Rio de Janeiro, onde moravam, a jovem mu\u00e7ulmana marroquina Jade (Giovanna Antonelli) volta para a cidade marroquina de Fez para viver com seu tio Ali (St\u00eanio Garcia), que tamb\u00e9m cuida de sua outra sobrinha Latiffa (Let\u00edcia Sabatella).<\/p>\n<p>Seguidor fiel das tradi\u00e7\u00f5es mu\u00e7ulmanas, Ali busca encontrar bons maridos para as sobrinhas.[34] Diogo e Lucas v\u00e3o passar uns dias em Fez junto com o padrinho de Diogo, o geneticista Augusto Albieri (Juca de Oliveira). Os irm\u00e3os conhecem novos amores.<\/p>\n","protected":false},"excerpt":{"rendered":"<p>Resumo da novela &#8220;O Clone&#8221; em 15\/12: no cap\u00edtulo 053(*) da novela, Xande desce do ringue ao ver Karla a sair com Vitor. Ao dar de caras com Yvete na sala de sua casa, Le\u00f4nidas sai a correr. Yvete corre atr\u00e1s dele aos gritos. Maysa acha que ela \u00e9 uma das amantes de Lucas. Albieri [&hellip;]<\/p>\n","protected":false},"author":4,"featured_media":210454,"comment_status":"closed","ping_status":"closed","sticky":false,"template":"","format":"standard","meta":{"tdm_status":"","tdm_grid_status":"","footnotes":""},"categories":[379,2222,375,2025,343],"tags":[441],"class_list":{"0":"post-213646","1":"post","2":"type-post","3":"status-publish","4":"format-standard","5":"has-post-thumbnail","7":"category-novelas","8":"category-o-clone","9":"category-rede-globo","10":"category-resumo","11":"category-televisao","12":"tag-resumo-do-dia"},"_links":{"self":[{"href":"https:\/\/migracao.redenoticia.com.br\/noticia\/wp-json\/wp\/v2\/posts\/213646","targetHints":{"allow":["GET"]}}],"collection":[{"href":"https:\/\/migracao.redenoticia.com.br\/noticia\/wp-json\/wp\/v2\/posts"}],"about":[{"href":"https:\/\/migracao.redenoticia.com.br\/noticia\/wp-json\/wp\/v2\/types\/post"}],"author":[{"embeddable":true,"href":"https:\/\/migracao.redenoticia.com.br\/noticia\/wp-json\/wp\/v2\/users\/4"}],"replies":[{"embeddable":true,"href":"https:\/\/migracao.redenoticia.com.br\/noticia\/wp-json\/wp\/v2\/comments?post=213646"}],"version-history":[{"count":0,"href":"https:\/\/migracao.redenoticia.com.br\/noticia\/wp-json\/wp\/v2\/posts\/213646\/revisions"}],"wp:featuredmedia":[{"embeddable":true,"href":"https:\/\/migracao.redenoticia.com.br\/noticia\/wp-json\/wp\/v2\/media\/210454"}],"wp:attachment":[{"href":"https:\/\/migracao.redenoticia.com.br\/noticia\/wp-json\/wp\/v2\/media?parent=213646"}],"wp:term":[{"taxonomy":"category","embeddable":true,"href":"https:\/\/migracao.redenoticia.com.br\/noticia\/wp-json\/wp\/v2\/categories?post=213646"},{"taxonomy":"post_tag","embeddable":true,"href":"https:\/\/migracao.redenoticia.com.br\/noticia\/wp-json\/wp\/v2\/tags?post=213646"}],"curies":[{"name":"wp","href":"https:\/\/api.w.org\/{rel}","templated":true}]}}