{"id":213817,"date":"2021-12-18T10:42:16","date_gmt":"2021-12-18T13:42:16","guid":{"rendered":"https:\/\/www.redenoticia.com.br\/noticia\/?p=213817"},"modified":"2021-12-18T10:42:16","modified_gmt":"2021-12-18T13:42:16","slug":"resumo-o-cravo-e-a-rosa-20-12-batista-faz-um-brinde-aos-noivos","status":"publish","type":"post","link":"https:\/\/migracao.redenoticia.com.br\/noticia\/2021\/resumo-o-cravo-e-a-rosa-20-12-batista-faz-um-brinde-aos-noivos\/213817","title":{"rendered":"Resumo &#8220;O Cravo e a Rosa&#8221; 20\/12: Batista faz um brinde aos noivos"},"content":{"rendered":"<p> <img loading=\"lazy\" decoding=\"async\" src=\"https:\/\/migracao.redenoticia.com.br\/noticia\/imagens\/o-cravo-e-a-rosa-elenco-resumo-sinopse.jpeg\" alt=\"\" width=\"1280\" height=\"720\" class=\"aligncenter size-full wp-image-213217\" srcset=\"https:\/\/migracao.redenoticia.com.br\/noticia\/imagens\/o-cravo-e-a-rosa-elenco-resumo-sinopse.jpeg 1280w, https:\/\/migracao.redenoticia.com.br\/noticia\/imagens\/o-cravo-e-a-rosa-elenco-resumo-sinopse-250x140.jpeg 250w, https:\/\/migracao.redenoticia.com.br\/noticia\/imagens\/o-cravo-e-a-rosa-elenco-resumo-sinopse-400x225.jpeg 400w, https:\/\/migracao.redenoticia.com.br\/noticia\/imagens\/o-cravo-e-a-rosa-elenco-resumo-sinopse-768x432.jpeg 768w, https:\/\/migracao.redenoticia.com.br\/noticia\/imagens\/o-cravo-e-a-rosa-elenco-resumo-sinopse-150x85.jpeg 150w\" sizes=\"auto, (max-width: 1280px) 100vw, 1280px\" \/><\/p>\n<p><em><strong>Resumo da novela &#8220;O Cravo e a Rosa&#8221;<\/strong><\/em> em 20\/12: no cap\u00edtulo 011(*) da novela, Dinor\u00e1 pede para Josefa uma receita: quer parar de sentir alergia por Celso. Para dar certo, as duas precisam das ceroulas do rapaz. Joaquim obriga Serafim a comparecer ao noivado. Heitor pede que Edmundo lhe ensine a falar palavras de amor.<\/p>\n<p>Janu\u00e1rio d\u00e1 um jeito e Lindinha substitui Neca na prepara\u00e7\u00e3o do jantar de noivado. Calixto exige que Petruchio v\u00e1 vestido de noivo, com a melhor roupa e o melhor cavalo. Candoca chega acompanhada de Celso e Dinor\u00e1 fica com ci\u00fames.<\/p>\n<p>Petruchio se irrita com a presen\u00e7a de Serafim, mas fica encantado quando v\u00ea Catarina descer as escadas. Batista faz um brinde aos noivos. Catarina incentiva Serafim. Calixto reconhece Josefa, que pede sil\u00eancio sobre o seu passado.<\/p>\n<p>Lindinha quase coloca uma lagartixa dentro do porco, mas Mimosa impede. Dinor\u00e1 dan\u00e7a com Serafim e pisa no vestido de Catarina, que fica furiosa com Petruchio, achando que foi ele quem estragou o vestido. Dalva confessa para Edmundo ter sido apaixonada por Corn\u00e9lio. Edmundo admite manter um amor sem esperan\u00e7as.<\/p>\n<p>(*) edi\u00e7\u00e3o das novelas da Globo, &#8220;O Cravo e a Rosa&#8221;, sujeito a altera\u00e7\u00e3o de data e conte\u00fado.<\/p>\n<p>Sinopse &#8220;O Cravo e a Rosa&#8221;: Catarina Batista \u00e9 uma mulher moderna, na r\u00edgida sociedade paulista da d\u00e9cada de 1920, que recusa o papel feminino de se restringir a lavar ceroulas em um tanque. Juli\u00e3o Petruchio \u00e9 um homem rude, para quem a mulher deve ser a &#8220;rainha do lar&#8221;. Duas pessoas t\u00e3o diferentes vivem um romance contradit\u00f3rio.<\/p>\n<p>Conhecida como &#8216;a fera&#8217;, por botar todos os seus pretendentes para correr, Catarina vai esbarrar na teimosia c\u00ednica de Petruchio que, inicialmente, decide conquist\u00e1-la para, com o dote do casamento, salvar sua fazenda de ser hipotecada. Eles acabam se apaixonando, mas n\u00e3o d\u00e3o o bra\u00e7o a torcer, vivenciando cenas muito bem-humoradas de discuss\u00f5es e brigas vulc\u00e2nicas. Ele fingindo-se de &#8216;cordeirinho&#8217;, e ela cada vez mais furiosa com sua insist\u00eancia.<\/p>\n","protected":false},"excerpt":{"rendered":"<p>Resumo da novela &#8220;O Cravo e a Rosa&#8221; em 20\/12: no cap\u00edtulo 011(*) da novela, Dinor\u00e1 pede para Josefa uma receita: quer parar de sentir alergia por Celso. Para dar certo, as duas precisam das ceroulas do rapaz. Joaquim obriga Serafim a comparecer ao noivado. Heitor pede que Edmundo lhe ensine a falar palavras de [&hellip;]<\/p>\n","protected":false},"author":2,"featured_media":213218,"comment_status":"closed","ping_status":"closed","sticky":false,"template":"","format":"standard","meta":{"tdm_status":"","tdm_grid_status":"","footnotes":""},"categories":[379,2227,375,2025,343],"tags":[441],"class_list":{"0":"post-213817","1":"post","2":"type-post","3":"status-publish","4":"format-standard","5":"has-post-thumbnail","7":"category-novelas","8":"category-o-cravo-e-a-rosa","9":"category-rede-globo","10":"category-resumo","11":"category-televisao","12":"tag-resumo-do-dia"},"_links":{"self":[{"href":"https:\/\/migracao.redenoticia.com.br\/noticia\/wp-json\/wp\/v2\/posts\/213817","targetHints":{"allow":["GET"]}}],"collection":[{"href":"https:\/\/migracao.redenoticia.com.br\/noticia\/wp-json\/wp\/v2\/posts"}],"about":[{"href":"https:\/\/migracao.redenoticia.com.br\/noticia\/wp-json\/wp\/v2\/types\/post"}],"author":[{"embeddable":true,"href":"https:\/\/migracao.redenoticia.com.br\/noticia\/wp-json\/wp\/v2\/users\/2"}],"replies":[{"embeddable":true,"href":"https:\/\/migracao.redenoticia.com.br\/noticia\/wp-json\/wp\/v2\/comments?post=213817"}],"version-history":[{"count":0,"href":"https:\/\/migracao.redenoticia.com.br\/noticia\/wp-json\/wp\/v2\/posts\/213817\/revisions"}],"wp:featuredmedia":[{"embeddable":true,"href":"https:\/\/migracao.redenoticia.com.br\/noticia\/wp-json\/wp\/v2\/media\/213218"}],"wp:attachment":[{"href":"https:\/\/migracao.redenoticia.com.br\/noticia\/wp-json\/wp\/v2\/media?parent=213817"}],"wp:term":[{"taxonomy":"category","embeddable":true,"href":"https:\/\/migracao.redenoticia.com.br\/noticia\/wp-json\/wp\/v2\/categories?post=213817"},{"taxonomy":"post_tag","embeddable":true,"href":"https:\/\/migracao.redenoticia.com.br\/noticia\/wp-json\/wp\/v2\/tags?post=213817"}],"curies":[{"name":"wp","href":"https:\/\/api.w.org\/{rel}","templated":true}]}}