{"id":213856,"date":"2021-12-20T13:30:14","date_gmt":"2021-12-20T16:30:14","guid":{"rendered":"https:\/\/www.redenoticia.com.br\/noticia\/?p=213856"},"modified":"2021-12-20T13:30:14","modified_gmt":"2021-12-20T16:30:14","slug":"resumo-mar-de-amor-21-12-estrel-queima-o-vestido-de-oriana","status":"publish","type":"post","link":"https:\/\/migracao.redenoticia.com.br\/noticia\/2021\/resumo-mar-de-amor-21-12-estrel-queima-o-vestido-de-oriana\/213856","title":{"rendered":"Resumo &#8220;Mar de Amor&#8221; 21\/12: Estrel queima o vestido de Oriana"},"content":{"rendered":"<p><img loading=\"lazy\" decoding=\"async\" src=\"https:\/\/migracao.redenoticia.com.br\/noticia\/imagens\/mar-de-amor-sbt-elenco-resumo-sinopse.jpeg\" alt=\"\" width=\"1280\" height=\"720\" class=\"aligncenter size-full wp-image-213219\" srcset=\"https:\/\/migracao.redenoticia.com.br\/noticia\/imagens\/mar-de-amor-sbt-elenco-resumo-sinopse.jpeg 1280w, https:\/\/migracao.redenoticia.com.br\/noticia\/imagens\/mar-de-amor-sbt-elenco-resumo-sinopse-250x140.jpeg 250w, https:\/\/migracao.redenoticia.com.br\/noticia\/imagens\/mar-de-amor-sbt-elenco-resumo-sinopse-400x225.jpeg 400w, https:\/\/migracao.redenoticia.com.br\/noticia\/imagens\/mar-de-amor-sbt-elenco-resumo-sinopse-768x432.jpeg 768w, https:\/\/migracao.redenoticia.com.br\/noticia\/imagens\/mar-de-amor-sbt-elenco-resumo-sinopse-150x85.jpeg 150w\" sizes=\"auto, (max-width: 1280px) 100vw, 1280px\" \/><\/p>\n<p><em><strong>Resumo da novela &#8220;Mar de Amor&#8221;<\/strong><\/em> em 21\/12: no cap\u00edtulo 007(*) da novela, Victor Manuel se desculpa com Estrela por t\u00ea-la beijado, se justifica dizendo estar b\u00eabado, e pede que ela nunca deixe de ir \u00e1s pedras, e ficar observando o mar. Victor vai at\u00e9 a casa de Leon e Oriana se compromete a conquist\u00e1-lo naquele mesmo dia.<\/p>\n<p>Santos vai \u00e0 casa dos Parra, e entra pela janela do quarto de Oriana, como ela havia ordenado. Enquanto toda a fam\u00edlia espera por Oriana para jantar, ela est\u00e1 na cama aos beijos com Santos. Estrela est\u00e1 na casa dos Parra para observar o rid\u00edculo que Oriana ir\u00e1 passar, pois queimou seu vestido para vingar se por ela t\u00ea-la tratado mal diante de Victor.<\/p>\n<p>(*) edi\u00e7\u00e3o das novelas da Globo, &#8220;Mar de Amor&#8221;, sujeito a altera\u00e7\u00e3o de data e conte\u00fado.<\/p>\n<p>Sinopse &#8220;Mar de Amor&#8221;: Na Praia Escondida, em San Lorenzo vive Estrela Marinha, uma jovem sonhadora, de bons sentimentos, mas de car\u00e1ter forte, decidida e rebelde. Ela foi criada pelos padrinhos, dois pescadores, j\u00e1 que sua m\u00e3e Cacilda ficou doente.<\/p>\n<p>Para se sustentar, ela aprendeu a pescar e disso vive. Depois de muitos anos de aus\u00eancia, volta \u00e0 Praia Escondida V\u00edtor Manuel Gal\u00edndez, um homem deprimido por um passado que o atormenta. Ele decide ficar por l\u00e1 e esquecer seu triste passado.<\/p>\n","protected":false},"excerpt":{"rendered":"<p>Resumo da novela &#8220;Mar de Amor&#8221; em 21\/12: no cap\u00edtulo 007(*) da novela, Victor Manuel se desculpa com Estrela por t\u00ea-la beijado, se justifica dizendo estar b\u00eabado, e pede que ela nunca deixe de ir \u00e1s pedras, e ficar observando o mar. Victor vai at\u00e9 a casa de Leon e Oriana se compromete a conquist\u00e1-lo [&hellip;]<\/p>\n","protected":false},"author":4,"featured_media":213220,"comment_status":"closed","ping_status":"closed","sticky":false,"template":"","format":"standard","meta":{"tdm_status":"","tdm_grid_status":"","footnotes":""},"categories":[2230,379,2025,372,343],"tags":[441],"class_list":{"0":"post-213856","1":"post","2":"type-post","3":"status-publish","4":"format-standard","5":"has-post-thumbnail","7":"category-mar-de-amor","8":"category-novelas","9":"category-resumo","10":"category-sbt","11":"category-televisao","12":"tag-resumo-do-dia"},"_links":{"self":[{"href":"https:\/\/migracao.redenoticia.com.br\/noticia\/wp-json\/wp\/v2\/posts\/213856","targetHints":{"allow":["GET"]}}],"collection":[{"href":"https:\/\/migracao.redenoticia.com.br\/noticia\/wp-json\/wp\/v2\/posts"}],"about":[{"href":"https:\/\/migracao.redenoticia.com.br\/noticia\/wp-json\/wp\/v2\/types\/post"}],"author":[{"embeddable":true,"href":"https:\/\/migracao.redenoticia.com.br\/noticia\/wp-json\/wp\/v2\/users\/4"}],"replies":[{"embeddable":true,"href":"https:\/\/migracao.redenoticia.com.br\/noticia\/wp-json\/wp\/v2\/comments?post=213856"}],"version-history":[{"count":0,"href":"https:\/\/migracao.redenoticia.com.br\/noticia\/wp-json\/wp\/v2\/posts\/213856\/revisions"}],"wp:featuredmedia":[{"embeddable":true,"href":"https:\/\/migracao.redenoticia.com.br\/noticia\/wp-json\/wp\/v2\/media\/213220"}],"wp:attachment":[{"href":"https:\/\/migracao.redenoticia.com.br\/noticia\/wp-json\/wp\/v2\/media?parent=213856"}],"wp:term":[{"taxonomy":"category","embeddable":true,"href":"https:\/\/migracao.redenoticia.com.br\/noticia\/wp-json\/wp\/v2\/categories?post=213856"},{"taxonomy":"post_tag","embeddable":true,"href":"https:\/\/migracao.redenoticia.com.br\/noticia\/wp-json\/wp\/v2\/tags?post=213856"}],"curies":[{"name":"wp","href":"https:\/\/api.w.org\/{rel}","templated":true}]}}