{"id":213875,"date":"2021-12-20T13:39:13","date_gmt":"2021-12-20T16:39:13","guid":{"rendered":"https:\/\/www.redenoticia.com.br\/noticia\/?p=213875"},"modified":"2021-12-20T13:39:13","modified_gmt":"2021-12-20T16:39:13","slug":"resumo-quanto-mais-vida-melhor-21-12-nenem-ve-a-morte-e-teme-que-algo-aconteca-com-ele","status":"publish","type":"post","link":"https:\/\/migracao.redenoticia.com.br\/noticia\/2021\/resumo-quanto-mais-vida-melhor-21-12-nenem-ve-a-morte-e-teme-que-algo-aconteca-com-ele\/213875","title":{"rendered":"Resumo \u201cQuanto Mais Vida, Melhor\u201d 21\/12: Nen\u00e9m v\u00ea a Morte e teme que algo aconte\u00e7a com ele"},"content":{"rendered":"<p><img loading=\"lazy\" decoding=\"async\" src=\"https:\/\/migracao.redenoticia.com.br\/noticia\/imagens\/quanto-mais-vida-melhor-globo-novela-resumo-elenco-personagens.jpeg\" alt=\"\" width=\"1280\" height=\"720\" class=\"aligncenter size-full wp-image-212546\" srcset=\"https:\/\/migracao.redenoticia.com.br\/noticia\/imagens\/quanto-mais-vida-melhor-globo-novela-resumo-elenco-personagens.jpeg 1280w, https:\/\/migracao.redenoticia.com.br\/noticia\/imagens\/quanto-mais-vida-melhor-globo-novela-resumo-elenco-personagens-250x140.jpeg 250w, https:\/\/migracao.redenoticia.com.br\/noticia\/imagens\/quanto-mais-vida-melhor-globo-novela-resumo-elenco-personagens-400x225.jpeg 400w, https:\/\/migracao.redenoticia.com.br\/noticia\/imagens\/quanto-mais-vida-melhor-globo-novela-resumo-elenco-personagens-768x432.jpeg 768w, https:\/\/migracao.redenoticia.com.br\/noticia\/imagens\/quanto-mais-vida-melhor-globo-novela-resumo-elenco-personagens-150x85.jpeg 150w\" sizes=\"auto, (max-width: 1280px) 100vw, 1280px\" \/><\/p>\n<p><em><strong>Resumo da novela \u201cQuanto Mais Vida, Melhor\u201d<\/strong><\/em> em 21\/12: no cap\u00edtulo 026(*) da novela, Neco e Leco amea\u00e7am Fl\u00e1via e Guilherme. Tet\u00ea insinua contar para Nedda sobre ela e Osvaldo. Nen\u00e9m comenta com Osvaldo sobre as investidas de Teca. Fl\u00e1via se entristece com Guilherme. Marcelo fica intrigado com a hist\u00f3ria que Fl\u00e1via conta e Paula se diverte.<\/p>\n<p>Nen\u00e9m se emociona com a surpresa que a fam\u00edlia prepara para ele. Rose tem uma ideia para ajudar a ala infantil do hospital. Paula humilha Ingrid, e Fl\u00e1via sai em sua defesa. Nedda e Osvaldo combinam de sair de novo. Roni se preocupa quando Conrado avisa que ele ter\u00e1 que pagar a d\u00edvida de Cora. Nen\u00e9m v\u00ea a Morte e teme que algo aconte\u00e7a com ele.<\/p>\n<p>(*) edi\u00e7\u00e3o das novelas da Globo, \u201cQuanto Mais Vida, Melhor\u201d, sujeito a altera\u00e7\u00e3o de data e conte\u00fado.<\/p>\n<p>Sinopse \u201cQuanto Mais Vida, Melhor\u201d: Ap\u00f3s morrerem em um acidente a\u00e9reo, Paula (Giovanna Antonelli), Nen\u00e9m (Vladimir Brichta), Fl\u00e1via (Valentina Herszage) e Guilherme (Mateus Solano) recebem uma segunda chance da Morte (Marcella Maia) sob uma condi\u00e7\u00e3o: devem consertar suas vidas e, ap\u00f3s um ano, apenas um deles morrer\u00e1 definitivamente.<\/p>\n<p>Escrita por Mauro Wilson, com colabora\u00e7\u00e3o de Marcelo Gon\u00e7alves, Mariana Torres e Rodrigo Salom\u00e3o, tem dire\u00e7\u00e3o de Ana Paula Guimar\u00e3es, Natalia Warth, Dayse Amaral e Bernardo S\u00e1, dire\u00e7\u00e3o geral de Pedro Brenelli e dire\u00e7\u00e3o art\u00edstica de Allan Fiterman.<\/p>\n","protected":false},"excerpt":{"rendered":"<p>Resumo da novela \u201cQuanto Mais Vida, Melhor\u201d em 21\/12: no cap\u00edtulo 026(*) da novela, Neco e Leco amea\u00e7am Fl\u00e1via e Guilherme. Tet\u00ea insinua contar para Nedda sobre ela e Osvaldo. Nen\u00e9m comenta com Osvaldo sobre as investidas de Teca. Fl\u00e1via se entristece com Guilherme. Marcelo fica intrigado com a hist\u00f3ria que Fl\u00e1via conta e Paula [&hellip;]<\/p>\n","protected":false},"author":4,"featured_media":212545,"comment_status":"closed","ping_status":"closed","sticky":false,"template":"","format":"standard","meta":{"tdm_status":"","tdm_grid_status":"","footnotes":""},"categories":[379,2226,375,2025,343],"tags":[441],"class_list":{"0":"post-213875","1":"post","2":"type-post","3":"status-publish","4":"format-standard","5":"has-post-thumbnail","7":"category-novelas","8":"category-quanto-mais-vida-melhor","9":"category-rede-globo","10":"category-resumo","11":"category-televisao","12":"tag-resumo-do-dia"},"_links":{"self":[{"href":"https:\/\/migracao.redenoticia.com.br\/noticia\/wp-json\/wp\/v2\/posts\/213875","targetHints":{"allow":["GET"]}}],"collection":[{"href":"https:\/\/migracao.redenoticia.com.br\/noticia\/wp-json\/wp\/v2\/posts"}],"about":[{"href":"https:\/\/migracao.redenoticia.com.br\/noticia\/wp-json\/wp\/v2\/types\/post"}],"author":[{"embeddable":true,"href":"https:\/\/migracao.redenoticia.com.br\/noticia\/wp-json\/wp\/v2\/users\/4"}],"replies":[{"embeddable":true,"href":"https:\/\/migracao.redenoticia.com.br\/noticia\/wp-json\/wp\/v2\/comments?post=213875"}],"version-history":[{"count":0,"href":"https:\/\/migracao.redenoticia.com.br\/noticia\/wp-json\/wp\/v2\/posts\/213875\/revisions"}],"wp:featuredmedia":[{"embeddable":true,"href":"https:\/\/migracao.redenoticia.com.br\/noticia\/wp-json\/wp\/v2\/media\/212545"}],"wp:attachment":[{"href":"https:\/\/migracao.redenoticia.com.br\/noticia\/wp-json\/wp\/v2\/media?parent=213875"}],"wp:term":[{"taxonomy":"category","embeddable":true,"href":"https:\/\/migracao.redenoticia.com.br\/noticia\/wp-json\/wp\/v2\/categories?post=213875"},{"taxonomy":"post_tag","embeddable":true,"href":"https:\/\/migracao.redenoticia.com.br\/noticia\/wp-json\/wp\/v2\/tags?post=213875"}],"curies":[{"name":"wp","href":"https:\/\/api.w.org\/{rel}","templated":true}]}}