{"id":213897,"date":"2021-12-21T13:09:00","date_gmt":"2021-12-21T16:09:00","guid":{"rendered":"https:\/\/www.redenoticia.com.br\/noticia\/?p=213897"},"modified":"2021-12-21T13:09:00","modified_gmt":"2021-12-21T16:09:00","slug":"resumo-mar-de-amor-22-12-oriana-esta-certa-de-que-vai-se-casar-com-victor-manuel","status":"publish","type":"post","link":"https:\/\/migracao.redenoticia.com.br\/noticia\/2021\/resumo-mar-de-amor-22-12-oriana-esta-certa-de-que-vai-se-casar-com-victor-manuel\/213897","title":{"rendered":"Resumo &#8220;Mar de Amor&#8221; 22\/12: Oriana est\u00e1 certa de que vai se casar com Victor Manuel"},"content":{"rendered":"<p><img loading=\"lazy\" decoding=\"async\" src=\"https:\/\/migracao.redenoticia.com.br\/noticia\/imagens\/mar-de-amor-sbt-elenco-resumo-sinopse.jpeg\" alt=\"\" width=\"1280\" height=\"720\" class=\"aligncenter size-full wp-image-213219\" srcset=\"https:\/\/migracao.redenoticia.com.br\/noticia\/imagens\/mar-de-amor-sbt-elenco-resumo-sinopse.jpeg 1280w, https:\/\/migracao.redenoticia.com.br\/noticia\/imagens\/mar-de-amor-sbt-elenco-resumo-sinopse-250x140.jpeg 250w, https:\/\/migracao.redenoticia.com.br\/noticia\/imagens\/mar-de-amor-sbt-elenco-resumo-sinopse-400x225.jpeg 400w, https:\/\/migracao.redenoticia.com.br\/noticia\/imagens\/mar-de-amor-sbt-elenco-resumo-sinopse-768x432.jpeg 768w, https:\/\/migracao.redenoticia.com.br\/noticia\/imagens\/mar-de-amor-sbt-elenco-resumo-sinopse-150x85.jpeg 150w\" sizes=\"auto, (max-width: 1280px) 100vw, 1280px\" \/><\/p>\n<p><em><strong>Resumo da novela &#8220;Mar de Amor&#8221;<\/strong><\/em> em 22\/12: no cap\u00edtulo 008(*) da novela, Leon est\u00e1 seguro de que Estrela ser\u00e1 sua, e se ela for para a capital acredita que isso se tornar\u00e1 ainda mais f\u00e1cil. Esperan\u00e7a implora para que Estrela n\u00e3o v\u00e1 embora, mas ela insiste que precisa ir, pois Cacilda precisa de um m\u00e9dico especialista.<\/p>\n<p>Carmem pede a Salvador que a leve ao cinema, ele se recusa, dizendo que precisa ir pescar, mas na verdade ele vai se encontrar com Helena, e eles se beijam. Santos e Oriana se veem no quarto da jovem, e Helena os surpreende em uma situa\u00e7\u00e3o constrangedora.<\/p>\n<p>Oriana exige que Helena n\u00e3o diga a ningu\u00e9m o que viu, e a explica que Santos apenas a serve para satisfazer seus desejos, j\u00e1 que o homem com quem se casar\u00e1 \u00e9 Victor Manuel.<\/p>\n<p>(*) edi\u00e7\u00e3o das novelas da Globo, &#8220;Mar de Amor&#8221;, sujeito a altera\u00e7\u00e3o de data e conte\u00fado.<\/p>\n<p>Sinopse &#8220;Mar de Amor&#8221;: Na Praia Escondida, em San Lorenzo vive Estrela Marinha, uma jovem sonhadora, de bons sentimentos, mas de car\u00e1ter forte, decidida e rebelde. Ela foi criada pelos padrinhos, dois pescadores, j\u00e1 que sua m\u00e3e Cacilda ficou doente.<\/p>\n<p>Para se sustentar, ela aprendeu a pescar e disso vive. Depois de muitos anos de aus\u00eancia, volta \u00e0 Praia Escondida V\u00edtor Manuel Gal\u00edndez, um homem deprimido por um passado que o atormenta. Ele decide ficar por l\u00e1 e esquecer seu triste passado.<\/p>\n","protected":false},"excerpt":{"rendered":"<p>Resumo da novela &#8220;Mar de Amor&#8221; em 22\/12: no cap\u00edtulo 008(*) da novela, Leon est\u00e1 seguro de que Estrela ser\u00e1 sua, e se ela for para a capital acredita que isso se tornar\u00e1 ainda mais f\u00e1cil. Esperan\u00e7a implora para que Estrela n\u00e3o v\u00e1 embora, mas ela insiste que precisa ir, pois Cacilda precisa de um [&hellip;]<\/p>\n","protected":false},"author":4,"featured_media":213220,"comment_status":"closed","ping_status":"closed","sticky":false,"template":"","format":"standard","meta":{"tdm_status":"","tdm_grid_status":"","footnotes":""},"categories":[2230,379,2025,372,343],"tags":[441],"class_list":{"0":"post-213897","1":"post","2":"type-post","3":"status-publish","4":"format-standard","5":"has-post-thumbnail","7":"category-mar-de-amor","8":"category-novelas","9":"category-resumo","10":"category-sbt","11":"category-televisao","12":"tag-resumo-do-dia"},"_links":{"self":[{"href":"https:\/\/migracao.redenoticia.com.br\/noticia\/wp-json\/wp\/v2\/posts\/213897","targetHints":{"allow":["GET"]}}],"collection":[{"href":"https:\/\/migracao.redenoticia.com.br\/noticia\/wp-json\/wp\/v2\/posts"}],"about":[{"href":"https:\/\/migracao.redenoticia.com.br\/noticia\/wp-json\/wp\/v2\/types\/post"}],"author":[{"embeddable":true,"href":"https:\/\/migracao.redenoticia.com.br\/noticia\/wp-json\/wp\/v2\/users\/4"}],"replies":[{"embeddable":true,"href":"https:\/\/migracao.redenoticia.com.br\/noticia\/wp-json\/wp\/v2\/comments?post=213897"}],"version-history":[{"count":0,"href":"https:\/\/migracao.redenoticia.com.br\/noticia\/wp-json\/wp\/v2\/posts\/213897\/revisions"}],"wp:featuredmedia":[{"embeddable":true,"href":"https:\/\/migracao.redenoticia.com.br\/noticia\/wp-json\/wp\/v2\/media\/213220"}],"wp:attachment":[{"href":"https:\/\/migracao.redenoticia.com.br\/noticia\/wp-json\/wp\/v2\/media?parent=213897"}],"wp:term":[{"taxonomy":"category","embeddable":true,"href":"https:\/\/migracao.redenoticia.com.br\/noticia\/wp-json\/wp\/v2\/categories?post=213897"},{"taxonomy":"post_tag","embeddable":true,"href":"https:\/\/migracao.redenoticia.com.br\/noticia\/wp-json\/wp\/v2\/tags?post=213897"}],"curies":[{"name":"wp","href":"https:\/\/api.w.org\/{rel}","templated":true}]}}