{"id":213917,"date":"2021-12-21T13:34:23","date_gmt":"2021-12-21T16:34:23","guid":{"rendered":"https:\/\/www.redenoticia.com.br\/noticia\/?p=213917"},"modified":"2021-12-21T13:34:23","modified_gmt":"2021-12-21T16:34:23","slug":"resumo-quanto-mais-vida-melhor-22-12-nenem-e-obrigado-a-pagar-divida-de-roni","status":"publish","type":"post","link":"https:\/\/migracao.redenoticia.com.br\/noticia\/2021\/resumo-quanto-mais-vida-melhor-22-12-nenem-e-obrigado-a-pagar-divida-de-roni\/213917","title":{"rendered":"Resumo \u201cQuanto Mais Vida, Melhor\u201d 22\/12: Nen\u00e9m \u00e9 obrigado a pagar d\u00edvida de Roni"},"content":{"rendered":"<p><img loading=\"lazy\" decoding=\"async\" src=\"https:\/\/migracao.redenoticia.com.br\/noticia\/imagens\/quanto-mais-vida-melhor-globo-novela-resumo-elenco-personagens.jpeg\" alt=\"\" width=\"1280\" height=\"720\" class=\"aligncenter size-full wp-image-212546\" srcset=\"https:\/\/migracao.redenoticia.com.br\/noticia\/imagens\/quanto-mais-vida-melhor-globo-novela-resumo-elenco-personagens.jpeg 1280w, https:\/\/migracao.redenoticia.com.br\/noticia\/imagens\/quanto-mais-vida-melhor-globo-novela-resumo-elenco-personagens-250x140.jpeg 250w, https:\/\/migracao.redenoticia.com.br\/noticia\/imagens\/quanto-mais-vida-melhor-globo-novela-resumo-elenco-personagens-400x225.jpeg 400w, https:\/\/migracao.redenoticia.com.br\/noticia\/imagens\/quanto-mais-vida-melhor-globo-novela-resumo-elenco-personagens-768x432.jpeg 768w, https:\/\/migracao.redenoticia.com.br\/noticia\/imagens\/quanto-mais-vida-melhor-globo-novela-resumo-elenco-personagens-150x85.jpeg 150w\" sizes=\"auto, (max-width: 1280px) 100vw, 1280px\" \/><\/p>\n<p><em><strong>Resumo da novela \u201cQuanto Mais Vida, Melhor\u201d<\/strong><\/em> em 22\/12: no cap\u00edtulo 027(*) da novela, Paula e Fl\u00e1via ajudam Nen\u00e9m a entender o recado que recebeu da Morte. Daniel recrimina Celina por brigar com Rose. Tina se aconselha com o pai. Paula sonha com Nen\u00e9m. Fl\u00e1via lembra do beijo com Guilherme. Nen\u00e9m pensa em Rose.<\/p>\n<p>Guilherme relembra de quando conheceu Rose. Paula \u00e9 rude com Tuninha. Guilherme defende Rose e Celina se irrita. Fl\u00e1via vai ao hospital p\u00fablico para tirar seus pontos. Juca passa mal, e Odete e Jandira tentam socorr\u00ea-lo. Odete e Jandira se desentendem. Guilherme vai ao hospital p\u00fablico, mas n\u00e3o v\u00ea Fl\u00e1via. Nedda comenta com Nen\u00e9m que teve um pesadelo com Roni. Carmem vai ao sal\u00e3o de Nedda. Fl\u00e1via observa Guilherme e Rose. Nen\u00e9m se preocupa ao saber que vai ter que pagar a d\u00edvida de Roni.<\/p>\n<p>(*) edi\u00e7\u00e3o das novelas da Globo, \u201cQuanto Mais Vida, Melhor\u201d, sujeito a altera\u00e7\u00e3o de data e conte\u00fado.<\/p>\n<p>Sinopse \u201cQuanto Mais Vida, Melhor\u201d: Ap\u00f3s morrerem em um acidente a\u00e9reo, Paula (Giovanna Antonelli), Nen\u00e9m (Vladimir Brichta), Fl\u00e1via (Valentina Herszage) e Guilherme (Mateus Solano) recebem uma segunda chance da Morte (Marcella Maia) sob uma condi\u00e7\u00e3o: devem consertar suas vidas e, ap\u00f3s um ano, apenas um deles morrer\u00e1 definitivamente.<\/p>\n<p>Escrita por Mauro Wilson, com colabora\u00e7\u00e3o de Marcelo Gon\u00e7alves, Mariana Torres e Rodrigo Salom\u00e3o, tem dire\u00e7\u00e3o de Ana Paula Guimar\u00e3es, Natalia Warth, Dayse Amaral e Bernardo S\u00e1, dire\u00e7\u00e3o geral de Pedro Brenelli e dire\u00e7\u00e3o art\u00edstica de Allan Fiterman.<\/p>\n","protected":false},"excerpt":{"rendered":"<p>Resumo da novela \u201cQuanto Mais Vida, Melhor\u201d em 22\/12: no cap\u00edtulo 027(*) da novela, Paula e Fl\u00e1via ajudam Nen\u00e9m a entender o recado que recebeu da Morte. Daniel recrimina Celina por brigar com Rose. Tina se aconselha com o pai. Paula sonha com Nen\u00e9m. Fl\u00e1via lembra do beijo com Guilherme. Nen\u00e9m pensa em Rose. Guilherme [&hellip;]<\/p>\n","protected":false},"author":4,"featured_media":212545,"comment_status":"closed","ping_status":"closed","sticky":false,"template":"","format":"standard","meta":{"tdm_status":"","tdm_grid_status":"","footnotes":""},"categories":[379,2226,375,2025,343],"tags":[441],"class_list":{"0":"post-213917","1":"post","2":"type-post","3":"status-publish","4":"format-standard","5":"has-post-thumbnail","7":"category-novelas","8":"category-quanto-mais-vida-melhor","9":"category-rede-globo","10":"category-resumo","11":"category-televisao","12":"tag-resumo-do-dia"},"_links":{"self":[{"href":"https:\/\/migracao.redenoticia.com.br\/noticia\/wp-json\/wp\/v2\/posts\/213917","targetHints":{"allow":["GET"]}}],"collection":[{"href":"https:\/\/migracao.redenoticia.com.br\/noticia\/wp-json\/wp\/v2\/posts"}],"about":[{"href":"https:\/\/migracao.redenoticia.com.br\/noticia\/wp-json\/wp\/v2\/types\/post"}],"author":[{"embeddable":true,"href":"https:\/\/migracao.redenoticia.com.br\/noticia\/wp-json\/wp\/v2\/users\/4"}],"replies":[{"embeddable":true,"href":"https:\/\/migracao.redenoticia.com.br\/noticia\/wp-json\/wp\/v2\/comments?post=213917"}],"version-history":[{"count":0,"href":"https:\/\/migracao.redenoticia.com.br\/noticia\/wp-json\/wp\/v2\/posts\/213917\/revisions"}],"wp:featuredmedia":[{"embeddable":true,"href":"https:\/\/migracao.redenoticia.com.br\/noticia\/wp-json\/wp\/v2\/media\/212545"}],"wp:attachment":[{"href":"https:\/\/migracao.redenoticia.com.br\/noticia\/wp-json\/wp\/v2\/media?parent=213917"}],"wp:term":[{"taxonomy":"category","embeddable":true,"href":"https:\/\/migracao.redenoticia.com.br\/noticia\/wp-json\/wp\/v2\/categories?post=213917"},{"taxonomy":"post_tag","embeddable":true,"href":"https:\/\/migracao.redenoticia.com.br\/noticia\/wp-json\/wp\/v2\/tags?post=213917"}],"curies":[{"name":"wp","href":"https:\/\/api.w.org\/{rel}","templated":true}]}}