{"id":214062,"date":"2021-12-27T12:27:54","date_gmt":"2021-12-27T15:27:54","guid":{"rendered":"https:\/\/www.redenoticia.com.br\/noticia\/?p=214062"},"modified":"2021-12-27T12:27:54","modified_gmt":"2021-12-27T15:27:54","slug":"resumo-carinha-de-anjo-28-12-gustavo-descobre-que-dulce-esta-de-castigo","status":"publish","type":"post","link":"https:\/\/migracao.redenoticia.com.br\/noticia\/2021\/resumo-carinha-de-anjo-28-12-gustavo-descobre-que-dulce-esta-de-castigo\/214062","title":{"rendered":"Resumo \u201cCarinha De Anjo\u201d 28\/12: Gustavo descobre que Dulce est\u00e1 de castigo"},"content":{"rendered":"<p><img loading=\"lazy\" decoding=\"async\" class=\"aligncenter size-full wp-image-210452\" src=\"https:\/\/migracao.redenoticia.com.br\/noticia\/imagens\/carinha-de-anjo-novela-sbt-elenco-infantil.jpeg\" alt=\"\" width=\"1280\" height=\"720\" srcset=\"https:\/\/migracao.redenoticia.com.br\/noticia\/imagens\/carinha-de-anjo-novela-sbt-elenco-infantil.jpeg 1280w, https:\/\/migracao.redenoticia.com.br\/noticia\/imagens\/carinha-de-anjo-novela-sbt-elenco-infantil-250x140.jpeg 250w, https:\/\/migracao.redenoticia.com.br\/noticia\/imagens\/carinha-de-anjo-novela-sbt-elenco-infantil-400x225.jpeg 400w, https:\/\/migracao.redenoticia.com.br\/noticia\/imagens\/carinha-de-anjo-novela-sbt-elenco-infantil-768x432.jpeg 768w, https:\/\/migracao.redenoticia.com.br\/noticia\/imagens\/carinha-de-anjo-novela-sbt-elenco-infantil-150x85.jpeg 150w\" sizes=\"auto, (max-width: 1280px) 100vw, 1280px\" \/><\/p>\n<p><strong><em>Resumo da novela \u201cCarinha De Anjo\u201d<\/em><\/strong> em 28\/12: no cap\u00edtulo 071(*) da novela, Franciely diz para Silvestre que conseguiu colocar Ribeiro na cola de Selene. Dulce \u00e9 castigada e n\u00e3o pode sair do col\u00e9gio no final de semana. As novi\u00e7as tamb\u00e9m sofrem puni\u00e7\u00f5es por tudo que fizeram e, por isso, ter\u00e3o que cuidar da horta. Dulce Maria pede para que a Madre Superiora n\u00e3o castigue as irm\u00e3s Cec\u00edlia e Fabiana, mas sem sucesso. Gustavo pede para que Silvana entregue o curr\u00edculo de Fl\u00e1vio no RH sem nenhuma recomenda\u00e7\u00e3o.<\/p>\n<p>Estef\u00e2nia chega em casa e \u00e9 recebida pelo Padre Gabriel. Vitor aparece no apartamento e o Padre pede para que a Tia Perucas escute o que Vitor tem a dizer. Estef\u00e2nia \u00e9 rude com Vitor e anuncia que o noivado dos dois chegou ao fim. Vitor vai embora triste para respeitar o pedido de Estef\u00e2nia. Ver\u00f4nica convida Crist\u00f3v\u00e3o para jantar em sua casa com a inten\u00e7\u00e3o de fazer com que ele e F\u00e1tima se apaixonem. Por\u00e9m, o advogado est\u00e1 interessado mesmo em Silvana, que por sua vez garante para F\u00e1tima que Crist\u00f3v\u00e3o n\u00e3o faz o seu tipo. Silvana recebe o curr\u00edculo de Fl\u00e1vio e resolve ler por achar ele um homem interessante.<\/p>\n<p>Z\u00e9 Felipe ensaia com Zeca, mas o garoto desafina muito durante as m\u00fasicas. Rosana e Miguel v\u00e3o at\u00e9 a casa de Gustavo para falar com Estef\u00e2nia. Dulce Maria sonha mais uma vez com a m\u00e3e, Tereza. Dulce brinca em um mercadinho imagin\u00e1rio enquanto fala com a m\u00e3e sobre os \u00faltimos acontecimentos. Rosana tenta explicar para Estef\u00e2nia que ela est\u00e1 exagerando ao terminar o noivado com Vitor. Gustavo descobre que Dulce est\u00e1 de castigo e passar\u00e1 o final de semana no col\u00e9gio sob cuidado da irm\u00e3 Luzia.<\/p>\n<p>(*) edi\u00e7\u00e3o das novelas do SBT, \u201cCarinha De Anjo\u201d, sujeito a altera\u00e7\u00e3o de data e conte\u00fado.<\/p>\n<p>Sinopse \u201cCarinha De Anjo\u201d: Dulce Maria \u00e9 uma menina doce, ing\u00eanua, inteligente e alegre de 5 anos de idade. \u00c9 brincalhona, aventureira e extremamente curiosa. Diverte a todos com seus coment\u00e1rios e perguntas indiscretas e surpreende com suas descobertas.<\/p>\n<p>Ela \u00e9 filha \u00fanica de Gustavo L\u00e1rios (Carlo Porto), bem-sucedido empres\u00e1rio da cafeicultura brasileira, e da mexicana Teresa Rezende L\u00e1rios (Lucero), m\u00e3e acolhedora de s\u00e1bios conselhos e voz ador\u00e1vel, que faleceu num acidente quando Dulce Maria tinha apenas 3 anos de idade. Traumatizado com a trag\u00e9dia, Gustavo deixou a filha no col\u00e9gio interno.<\/p>\n","protected":false},"excerpt":{"rendered":"<p>Resumo da novela \u201cCarinha De Anjo\u201d em 28\/12: no cap\u00edtulo 071(*) da novela, Franciely diz para Silvestre que conseguiu colocar Ribeiro na cola de Selene. Dulce \u00e9 castigada e n\u00e3o pode sair do col\u00e9gio no final de semana. As novi\u00e7as tamb\u00e9m sofrem puni\u00e7\u00f5es por tudo que fizeram e, por isso, ter\u00e3o que cuidar da horta. [&hellip;]<\/p>\n","protected":false},"author":4,"featured_media":210453,"comment_status":"closed","ping_status":"closed","sticky":false,"template":"","format":"standard","meta":{"tdm_status":"","tdm_grid_status":"","footnotes":""},"categories":[452,379,2025,372,343],"tags":[441],"class_list":{"0":"post-214062","1":"post","2":"type-post","3":"status-publish","4":"format-standard","5":"has-post-thumbnail","7":"category-carinha-de-anjo","8":"category-novelas","9":"category-resumo","10":"category-sbt","11":"category-televisao","12":"tag-resumo-do-dia"},"_links":{"self":[{"href":"https:\/\/migracao.redenoticia.com.br\/noticia\/wp-json\/wp\/v2\/posts\/214062","targetHints":{"allow":["GET"]}}],"collection":[{"href":"https:\/\/migracao.redenoticia.com.br\/noticia\/wp-json\/wp\/v2\/posts"}],"about":[{"href":"https:\/\/migracao.redenoticia.com.br\/noticia\/wp-json\/wp\/v2\/types\/post"}],"author":[{"embeddable":true,"href":"https:\/\/migracao.redenoticia.com.br\/noticia\/wp-json\/wp\/v2\/users\/4"}],"replies":[{"embeddable":true,"href":"https:\/\/migracao.redenoticia.com.br\/noticia\/wp-json\/wp\/v2\/comments?post=214062"}],"version-history":[{"count":0,"href":"https:\/\/migracao.redenoticia.com.br\/noticia\/wp-json\/wp\/v2\/posts\/214062\/revisions"}],"wp:featuredmedia":[{"embeddable":true,"href":"https:\/\/migracao.redenoticia.com.br\/noticia\/wp-json\/wp\/v2\/media\/210453"}],"wp:attachment":[{"href":"https:\/\/migracao.redenoticia.com.br\/noticia\/wp-json\/wp\/v2\/media?parent=214062"}],"wp:term":[{"taxonomy":"category","embeddable":true,"href":"https:\/\/migracao.redenoticia.com.br\/noticia\/wp-json\/wp\/v2\/categories?post=214062"},{"taxonomy":"post_tag","embeddable":true,"href":"https:\/\/migracao.redenoticia.com.br\/noticia\/wp-json\/wp\/v2\/tags?post=214062"}],"curies":[{"name":"wp","href":"https:\/\/api.w.org\/{rel}","templated":true}]}}