{"id":214104,"date":"2021-12-28T14:39:07","date_gmt":"2021-12-28T17:39:07","guid":{"rendered":"https:\/\/www.redenoticia.com.br\/noticia\/?p=214104"},"modified":"2021-12-28T14:39:07","modified_gmt":"2021-12-28T17:39:07","slug":"resumo-carinha-de-anjo-29-12-miguel-hipnotiza-fabiana","status":"publish","type":"post","link":"https:\/\/migracao.redenoticia.com.br\/noticia\/2021\/resumo-carinha-de-anjo-29-12-miguel-hipnotiza-fabiana\/214104","title":{"rendered":"Resumo \u201cCarinha De Anjo\u201d 29\/12: Miguel hipnotiza Fabiana"},"content":{"rendered":"<p><img loading=\"lazy\" decoding=\"async\" class=\"aligncenter size-full wp-image-210452\" src=\"https:\/\/migracao.redenoticia.com.br\/noticia\/imagens\/carinha-de-anjo-novela-sbt-elenco-infantil.jpeg\" alt=\"\" width=\"1280\" height=\"720\" srcset=\"https:\/\/migracao.redenoticia.com.br\/noticia\/imagens\/carinha-de-anjo-novela-sbt-elenco-infantil.jpeg 1280w, https:\/\/migracao.redenoticia.com.br\/noticia\/imagens\/carinha-de-anjo-novela-sbt-elenco-infantil-250x140.jpeg 250w, https:\/\/migracao.redenoticia.com.br\/noticia\/imagens\/carinha-de-anjo-novela-sbt-elenco-infantil-400x225.jpeg 400w, https:\/\/migracao.redenoticia.com.br\/noticia\/imagens\/carinha-de-anjo-novela-sbt-elenco-infantil-768x432.jpeg 768w, https:\/\/migracao.redenoticia.com.br\/noticia\/imagens\/carinha-de-anjo-novela-sbt-elenco-infantil-150x85.jpeg 150w\" sizes=\"auto, (max-width: 1280px) 100vw, 1280px\" \/><\/p>\n<p><strong><em>Resumo da novela \u201cCarinha De Anjo\u201d<\/em><\/strong> em 29\/12: no cap\u00edtulo 072(*) da novela, Juju chega ao pesqueiro com a m\u00e3e, Rosana, e se deparam com Luciano e Frida. Cec\u00edlia e Fabiana est\u00e3o cansadas de cuidar da horta. Nicole pergunta para Selene quanto que ela quer para telefonar para Estef\u00e2nia e dizer que o que ela teve com Vitor foi apenas um caso do passado. Juju tira satisfa\u00e7\u00e3o com Luciano e manda ele n\u00e3o se meter mais com quem ela gosta.<\/p>\n<p>Selene diz para Nicole que n\u00e3o est\u00e1 \u00e0 venda, mesmo assim Nicole mostra um car\u00edssimo colar \u2013 que havia ganho de Gustavo \u2013 e diz que a joia ser\u00e1 dela se ela fizer o que instruiu, pois Vitor n\u00e3o ir\u00e1 reatar o romance com ela. Selene diz que ir\u00e1 avaliar o colar e valer muito dinheiro ela aceitar\u00e1 o acordo. Dulce Maria est\u00e1 feliz com a corneta que ganhou de Pascoal para poder falar com a voz mais grossa.<\/p>\n<p>Frida briga com o irm\u00e3o por ter contado para Juju que foi ela quem lhe viu beijando Zeca no col\u00e9gio. Selene descobre que a joia \u00e9 falsa e promete se vingar de Nicole por tentar lhe enganar. Fabiana ensaia Z\u00e9 Felipe e Zeca, mas diz para Z\u00e9 que talvez ele possa deixar o canto de lado para se dedicar a aprender algum instrumento. Miguel hipnotiza Fabiana e diz que ela deve falar para In\u00e1cio que Z\u00e9 est\u00e1 com plena condi\u00e7\u00e3o para fazer o show ao lado do irm\u00e3o.<\/p>\n<p>Selene telefona para Nicole e lhe amea\u00e7a, mas quem atende o celular e escuta tudo \u00e9 Fl\u00e1vio. O picareta havia roubado e vendido a joia da irm\u00e3 e colocado uma r\u00e9plica no lugar. Com medo, Fl\u00e1vio inventa que foi Nicole quem pediu para ele atender e ir pessoalmente conversar com ela para resolver a quest\u00e3o.<\/p>\n<p>Gustavo vai at\u00e9 o col\u00e9gio visitar Dulce Maria e se depara com a pequena brincando com Cec\u00edlia no p\u00e1tio. Gustavo vai com Dulce Maria conversar com a Madre Superiora. Fabiana fala respetivamente que Z\u00e9 Felipe est\u00e1 cantando muito bem e deixa Diana e In\u00e1cio curiosos. Fl\u00e1vio encontra Selene e diz que Vitor est\u00e1 nadando em dinheiro e que seja por amor ou n\u00e3o ela precisa ficar com o chef de cozinha.<\/p>\n<p>Dulce Maria faz Gustavo e Cec\u00edlia conversarem a s\u00f3s para se entenderem. Fabiana aparece e entra no meio da conversa. Ainda com efeitos colaterais da hipnose, Fabiana diz que dirigiria o carro mais uma vez para levar Dulce e que o empres\u00e1rio possui mal gosto, inclusive para escolher a noiva. Gustavo vai embora.<\/p>\n<p>(*) edi\u00e7\u00e3o das novelas do SBT, \u201cCarinha De Anjo\u201d, sujeito a altera\u00e7\u00e3o de data e conte\u00fado.<\/p>\n<p>Sinopse \u201cCarinha De Anjo\u201d: Dulce Maria \u00e9 uma menina doce, ingenua, inteligente e alegre de 5 anos de idade. \u00c9 brincalhona, aventureira e extremamente curiosa. Diverte a todos com seus coment\u00e1rios e perguntas indiscretas e surpreende com suas descobertas.<\/p>\n<p>Ela \u00e9 filha \u00fanica de Gustavo L\u00e1rios (Carlo Porto), bem-sucedido empres\u00e1rio da cafeicultura brasileira, e da mexicana Teresa Rezende L\u00e1rios (Lucero), m\u00e3e acolhedora de s\u00e1bios conselhos e voz ador\u00e1vel, que faleceu num acidente quando Dulce Maria tinha apenas 3 anos de idade. Traumatizado com a trag\u00e9dia, Gustavo deixou a filha no col\u00e9gio interno.<\/p>\n","protected":false},"excerpt":{"rendered":"<p>Resumo da novela \u201cCarinha De Anjo\u201d em 29\/12: no cap\u00edtulo 072(*) da novela, Juju chega ao pesqueiro com a m\u00e3e, Rosana, e se deparam com Luciano e Frida. Cec\u00edlia e Fabiana est\u00e3o cansadas de cuidar da horta. Nicole pergunta para Selene quanto que ela quer para telefonar para Estef\u00e2nia e dizer que o que ela [&hellip;]<\/p>\n","protected":false},"author":4,"featured_media":210453,"comment_status":"closed","ping_status":"closed","sticky":false,"template":"","format":"standard","meta":{"tdm_status":"","tdm_grid_status":"","footnotes":""},"categories":[452,379,2025,372,343],"tags":[441],"class_list":{"0":"post-214104","1":"post","2":"type-post","3":"status-publish","4":"format-standard","5":"has-post-thumbnail","7":"category-carinha-de-anjo","8":"category-novelas","9":"category-resumo","10":"category-sbt","11":"category-televisao","12":"tag-resumo-do-dia"},"_links":{"self":[{"href":"https:\/\/migracao.redenoticia.com.br\/noticia\/wp-json\/wp\/v2\/posts\/214104","targetHints":{"allow":["GET"]}}],"collection":[{"href":"https:\/\/migracao.redenoticia.com.br\/noticia\/wp-json\/wp\/v2\/posts"}],"about":[{"href":"https:\/\/migracao.redenoticia.com.br\/noticia\/wp-json\/wp\/v2\/types\/post"}],"author":[{"embeddable":true,"href":"https:\/\/migracao.redenoticia.com.br\/noticia\/wp-json\/wp\/v2\/users\/4"}],"replies":[{"embeddable":true,"href":"https:\/\/migracao.redenoticia.com.br\/noticia\/wp-json\/wp\/v2\/comments?post=214104"}],"version-history":[{"count":0,"href":"https:\/\/migracao.redenoticia.com.br\/noticia\/wp-json\/wp\/v2\/posts\/214104\/revisions"}],"wp:featuredmedia":[{"embeddable":true,"href":"https:\/\/migracao.redenoticia.com.br\/noticia\/wp-json\/wp\/v2\/media\/210453"}],"wp:attachment":[{"href":"https:\/\/migracao.redenoticia.com.br\/noticia\/wp-json\/wp\/v2\/media?parent=214104"}],"wp:term":[{"taxonomy":"category","embeddable":true,"href":"https:\/\/migracao.redenoticia.com.br\/noticia\/wp-json\/wp\/v2\/categories?post=214104"},{"taxonomy":"post_tag","embeddable":true,"href":"https:\/\/migracao.redenoticia.com.br\/noticia\/wp-json\/wp\/v2\/tags?post=214104"}],"curies":[{"name":"wp","href":"https:\/\/api.w.org\/{rel}","templated":true}]}}