{"id":214154,"date":"2021-12-29T18:27:12","date_gmt":"2021-12-29T21:27:12","guid":{"rendered":"https:\/\/www.redenoticia.com.br\/noticia\/?p=214154"},"modified":"2021-12-29T18:27:12","modified_gmt":"2021-12-29T21:27:12","slug":"resumo-carinha-de-anjo-30-12-dulce-maria-passa-um-trote-em-tia-perucas","status":"publish","type":"post","link":"https:\/\/migracao.redenoticia.com.br\/noticia\/2021\/resumo-carinha-de-anjo-30-12-dulce-maria-passa-um-trote-em-tia-perucas\/214154","title":{"rendered":"Resumo \u201cCarinha De Anjo\u201d 30\/12: Dulce Maria passa um trote em Tia Perucas"},"content":{"rendered":"<p><img loading=\"lazy\" decoding=\"async\" class=\"aligncenter size-full wp-image-210452\" src=\"https:\/\/migracao.redenoticia.com.br\/noticia\/imagens\/carinha-de-anjo-novela-sbt-elenco-infantil.jpeg\" alt=\"\" width=\"1280\" height=\"720\" srcset=\"https:\/\/migracao.redenoticia.com.br\/noticia\/imagens\/carinha-de-anjo-novela-sbt-elenco-infantil.jpeg 1280w, https:\/\/migracao.redenoticia.com.br\/noticia\/imagens\/carinha-de-anjo-novela-sbt-elenco-infantil-250x140.jpeg 250w, https:\/\/migracao.redenoticia.com.br\/noticia\/imagens\/carinha-de-anjo-novela-sbt-elenco-infantil-400x225.jpeg 400w, https:\/\/migracao.redenoticia.com.br\/noticia\/imagens\/carinha-de-anjo-novela-sbt-elenco-infantil-768x432.jpeg 768w, https:\/\/migracao.redenoticia.com.br\/noticia\/imagens\/carinha-de-anjo-novela-sbt-elenco-infantil-150x85.jpeg 150w\" sizes=\"auto, (max-width: 1280px) 100vw, 1280px\" \/><\/p>\n<p><strong><em>Resumo da novela \u201cCarinha De Anjo\u201d<\/em><\/strong> em 30\/12: no cap\u00edtulo 073(*) da novela, Dulce mostra uma corneta para as amigas no col\u00e9gio e diz que ligar\u00e1 para a Tia Perucas com intuito de contar uma mentira do bem. A carinha de anjo quer dizer para a tia que Vitor se acidentou, assim ela ficar\u00e1 preocupada e perdoar\u00e1 o chef de cozinha. Frida conta para B\u00e1rbara que Em\u00edlio e Juju estavam no pesqueiro aonde ela foi no final de semana. A menina disse ainda que seu irm\u00e3o \u00e9 mais temperamental que ela mesma e que contou para Juju que foram elas duas quem falaram sobre o namoro de Juju com Zeca.<\/p>\n<p>Fl\u00e1vio diz para Nicole que Selene entrou em contato com ele e disse que nenhum dinheiro a faria desistir de Vitor. O mentiroso inventa ainda que Selene devolveu o colar (que na verdade \u00e9 falso). Nicole acredita na hist\u00f3ria do irm\u00e3o de que isso pode ser algo bom, pois assim Estef\u00e2nia poder\u00e1 ir para a Europa. A megera presenteia Fl\u00e1vio com o colar, sem saber que a joia \u00e9 uma r\u00e9plica.<\/p>\n<p>No quarto, Fabiana diz para Cec\u00edlia durante uma conversa sobre Gustavo: \u201cIsso s\u00f3 aconteceu porque voc\u00eas dois desistiram (Gustavo ficar noivo de Nicole). Ele se afastou porque n\u00e3o queria que voc\u00ea fosse transferida e voc\u00ea desistiu porque n\u00e3o se valoriza como mulher. Tem medo da concorr\u00eancia. Pronto, agora durma com um barulho desse\u201d.<\/p>\n<p>Enquanto isso, Dulce Maria vai com suas amigas at\u00e9 a sala da Madre Superiora durante a noite para fazer o telefonema. A garota, com a voz modificada pela corneta, diz que Vitor sofreu um s\u00e9rio acidente de moto e que ela deveria ir para casa do chef de cozinha. Estef\u00e2nia sai desesperada at\u00e9 o local indicado. A tia Perucas fica irritada ao ver Vitor bem e lhe acusa de ter planejado um trote.<\/p>\n<p>Dulce sonha com Tereza e entrega para a m\u00e3e uma caixa de chocolate com flores. \u201cEu nasci para juntar os casais\u201d, diz a pequenina. Dulce Maria revela o que fez para as novi\u00e7as Cec\u00edlia e Fabiana. Vitor vai at\u00e9 a casa de Estef\u00e2nia e diz que as acusa\u00e7\u00f5es dela foram absurdas na noite anterior e que ele nunca passaria um trote. A tia Perucas \u00e9 intolerante e manda ele sumir.<\/p>\n<p>Vitor volta para casa e diz para Solange que est\u00e1 decidido a sumir por um tempo para tentar se encontrar. Selene entra sem permiss\u00e3o na casa do chef de cozinha mais uma vez. Vitor diz que ela conseguiu destruir a vida dele mais uma vez e manda ela sumir. A mulher vai embora, mas promete n\u00e3o desistir de Vitor. Cec\u00edlia diz para Dulce Maria que \u00e9 importante ela contar toda a verdade para Estef\u00e2nia sobre o trote.<\/p>\n<p>Solange vai at\u00e9 a casa dos L\u00e1rios, diz para Estef\u00e2nia que Vitor decidiu ir embora do Brasil e somente ela pode impedir ele de fazer isso. Estef\u00e2nia responde que n\u00e3o pode fazer nada e Solange alerta que ela est\u00e1 cometendo um grande erro. Cec\u00edlia telefona para Estef\u00e2nia e pede para que v\u00e1 at\u00e9 o col\u00e9gio conversar com Dulce Maria. Nicole diz para Gustavo que ele nunca deve contratar Fl\u00e1vio.<\/p>\n<p>(*) edi\u00e7\u00e3o das novelas do SBT, \u201cCarinha De Anjo\u201d, sujeito a altera\u00e7\u00e3o de data e conte\u00fado.<\/p>\n<p>Sinopse \u201cCarinha De Anjo\u201d: Dulce Maria \u00e9 uma menina doce, ingenua, inteligente e alegre de 5 anos de idade. \u00c9 brincalhona, aventureira e extremamente curiosa. Diverte a todos com seus coment\u00e1rios e perguntas indiscretas e surpreende com suas descobertas.<\/p>\n<p>Ela \u00e9 filha \u00fanica de Gustavo L\u00e1rios (Carlo Porto), bem-sucedido empres\u00e1rio da cafeicultura brasileira, e da mexicana Teresa Rezende L\u00e1rios (Lucero), m\u00e3e acolhedora de s\u00e1bios conselhos e voz ador\u00e1vel, que faleceu num acidente quando Dulce Maria tinha apenas 3 anos de idade. Traumatizado com a trag\u00e9dia, Gustavo deixou a filha no col\u00e9gio interno.<\/p>\n","protected":false},"excerpt":{"rendered":"<p>Resumo da novela \u201cCarinha De Anjo\u201d em 30\/12: no cap\u00edtulo 073(*) da novela, Dulce mostra uma corneta para as amigas no col\u00e9gio e diz que ligar\u00e1 para a Tia Perucas com intuito de contar uma mentira do bem. A carinha de anjo quer dizer para a tia que Vitor se acidentou, assim ela ficar\u00e1 preocupada [&hellip;]<\/p>\n","protected":false},"author":4,"featured_media":210453,"comment_status":"closed","ping_status":"closed","sticky":false,"template":"","format":"standard","meta":{"tdm_status":"","tdm_grid_status":"","footnotes":""},"categories":[452,379,2025,372,343],"tags":[441],"class_list":{"0":"post-214154","1":"post","2":"type-post","3":"status-publish","4":"format-standard","5":"has-post-thumbnail","7":"category-carinha-de-anjo","8":"category-novelas","9":"category-resumo","10":"category-sbt","11":"category-televisao","12":"tag-resumo-do-dia"},"_links":{"self":[{"href":"https:\/\/migracao.redenoticia.com.br\/noticia\/wp-json\/wp\/v2\/posts\/214154","targetHints":{"allow":["GET"]}}],"collection":[{"href":"https:\/\/migracao.redenoticia.com.br\/noticia\/wp-json\/wp\/v2\/posts"}],"about":[{"href":"https:\/\/migracao.redenoticia.com.br\/noticia\/wp-json\/wp\/v2\/types\/post"}],"author":[{"embeddable":true,"href":"https:\/\/migracao.redenoticia.com.br\/noticia\/wp-json\/wp\/v2\/users\/4"}],"replies":[{"embeddable":true,"href":"https:\/\/migracao.redenoticia.com.br\/noticia\/wp-json\/wp\/v2\/comments?post=214154"}],"version-history":[{"count":0,"href":"https:\/\/migracao.redenoticia.com.br\/noticia\/wp-json\/wp\/v2\/posts\/214154\/revisions"}],"wp:featuredmedia":[{"embeddable":true,"href":"https:\/\/migracao.redenoticia.com.br\/noticia\/wp-json\/wp\/v2\/media\/210453"}],"wp:attachment":[{"href":"https:\/\/migracao.redenoticia.com.br\/noticia\/wp-json\/wp\/v2\/media?parent=214154"}],"wp:term":[{"taxonomy":"category","embeddable":true,"href":"https:\/\/migracao.redenoticia.com.br\/noticia\/wp-json\/wp\/v2\/categories?post=214154"},{"taxonomy":"post_tag","embeddable":true,"href":"https:\/\/migracao.redenoticia.com.br\/noticia\/wp-json\/wp\/v2\/tags?post=214154"}],"curies":[{"name":"wp","href":"https:\/\/api.w.org\/{rel}","templated":true}]}}