{"id":214198,"date":"2021-12-30T12:38:54","date_gmt":"2021-12-30T15:38:54","guid":{"rendered":"https:\/\/www.redenoticia.com.br\/noticia\/?p=214198"},"modified":"2021-12-30T12:38:54","modified_gmt":"2021-12-30T15:38:54","slug":"resumo-o-cravo-e-a-rosa-31-12-petruchio-descobre-que-o-anel-de-noivado-foi-roubado","status":"publish","type":"post","link":"https:\/\/migracao.redenoticia.com.br\/noticia\/2021\/resumo-o-cravo-e-a-rosa-31-12-petruchio-descobre-que-o-anel-de-noivado-foi-roubado\/214198","title":{"rendered":"Resumo &#8220;O Cravo e a Rosa&#8221; 31\/12: Petruchio descobre que o anel de noivado foi roubado"},"content":{"rendered":"<p><img loading=\"lazy\" decoding=\"async\" src=\"https:\/\/migracao.redenoticia.com.br\/noticia\/imagens\/o-cravo-e-a-rosa-elenco-resumo-sinopse.jpeg\" alt=\"\" width=\"1280\" height=\"720\" class=\"aligncenter size-full wp-image-213217\" srcset=\"https:\/\/migracao.redenoticia.com.br\/noticia\/imagens\/o-cravo-e-a-rosa-elenco-resumo-sinopse.jpeg 1280w, https:\/\/migracao.redenoticia.com.br\/noticia\/imagens\/o-cravo-e-a-rosa-elenco-resumo-sinopse-250x140.jpeg 250w, https:\/\/migracao.redenoticia.com.br\/noticia\/imagens\/o-cravo-e-a-rosa-elenco-resumo-sinopse-400x225.jpeg 400w, https:\/\/migracao.redenoticia.com.br\/noticia\/imagens\/o-cravo-e-a-rosa-elenco-resumo-sinopse-768x432.jpeg 768w, https:\/\/migracao.redenoticia.com.br\/noticia\/imagens\/o-cravo-e-a-rosa-elenco-resumo-sinopse-150x85.jpeg 150w\" sizes=\"auto, (max-width: 1280px) 100vw, 1280px\" \/><\/p>\n<p><em><strong>Resumo da novela &#8220;O Cravo e a Rosa&#8221;<\/strong><\/em> em 31\/12: no cap\u00edtulo 020(*) da novela, Petruchio anuncia que vai marcar a data do casamento<\/p>\n<p>Catarina anda de cavalinho nas costas de Petruchio, que se sente humilhado, empina e derruba-a. Calixto beija Mimosa que come\u00e7a a rir. Berenice vai lavar e passar roupa na casa do banqueiro. Batista passa mal.<\/p>\n<p>Serafim garante a Josefa que, se conseguir beijar Catarina, ir\u00e1 conquist\u00e1-la para sempre. Joaquim amea\u00e7a tirar o apoio financeiro para a revista, caso Serafim n\u00e3o conquiste Catarina. Josefa promete uma po\u00e7\u00e3o de amor para Serafim. Catarina vai tomar ch\u00e1 com Dinor\u00e1, que lhe apresenta um plano: se ela beijar Serafim, Petruchio termina o noivado.<\/p>\n<p>Lourdes come\u00e7a a se enfeitar para receber F\u00e1bio. Bianca conta para o professor Edmundo que falta alguma coisa no seu amor por Heitor. Dinor\u00e1 devolve as ceroulas de Celso, mas continua com a alergia. Joana quer saber se o marido conhece Batista.<\/p>\n<p>Calixto pede um beijo para Neca, que solta as galinhas em cima dele. Dinor\u00e1 quer que a m\u00e3e fa\u00e7a outro encantamento. Petruchio leva ervas para Catarina tomar um ch\u00e1 e expelir o anel da sua av\u00f3. Catarina conta que o anel foi roubado, mas que vai descobrir quem o levou. Petruchio anuncia que vai marcar a data do casamento.<\/p>\n<p>(*) edi\u00e7\u00e3o das novelas da Globo, &#8220;O Cravo e a Rosa&#8221;, sujeito a altera\u00e7\u00e3o de data e conte\u00fado.<\/p>\n<p>Sinopse &#8220;O Cravo e a Rosa&#8221;: Catarina Batista \u00e9 uma mulher moderna, na r\u00edgida sociedade paulista da d\u00e9cada de 1920, que recusa o papel feminino de se restringir a lavar ceroulas em um tanque. Juli\u00e3o Petruchio \u00e9 um homem rude, para quem a mulher deve ser a &#8220;rainha do lar&#8221;. Duas pessoas t\u00e3o diferentes vivem um romance contradit\u00f3rio.<\/p>\n<p>Conhecida como &#8216;a fera&#8217;, por botar todos os seus pretendentes para correr, Catarina vai esbarrar na teimosia c\u00ednica de Petruchio que, inicialmente, decide conquist\u00e1-la para, com o dote do casamento, salvar sua fazenda de ser hipotecada. Eles acabam se apaixonando, mas n\u00e3o d\u00e3o o bra\u00e7o a torcer, vivenciando cenas muito bem-humoradas de discuss\u00f5es e brigas vulc\u00e2nicas. Ele fingindo-se de &#8216;cordeirinho&#8217;, e ela cada vez mais furiosa com sua insist\u00eancia.<\/p>\n","protected":false},"excerpt":{"rendered":"<p>Resumo da novela &#8220;O Cravo e a Rosa&#8221; em 31\/12: no cap\u00edtulo 020(*) da novela, Petruchio anuncia que vai marcar a data do casamento Catarina anda de cavalinho nas costas de Petruchio, que se sente humilhado, empina e derruba-a. Calixto beija Mimosa que come\u00e7a a rir. Berenice vai lavar e passar roupa na casa do [&hellip;]<\/p>\n","protected":false},"author":4,"featured_media":213218,"comment_status":"closed","ping_status":"closed","sticky":false,"template":"","format":"standard","meta":{"tdm_status":"","tdm_grid_status":"","footnotes":""},"categories":[379,2227,375,2025,343],"tags":[441],"class_list":{"0":"post-214198","1":"post","2":"type-post","3":"status-publish","4":"format-standard","5":"has-post-thumbnail","7":"category-novelas","8":"category-o-cravo-e-a-rosa","9":"category-rede-globo","10":"category-resumo","11":"category-televisao","12":"tag-resumo-do-dia"},"_links":{"self":[{"href":"https:\/\/migracao.redenoticia.com.br\/noticia\/wp-json\/wp\/v2\/posts\/214198","targetHints":{"allow":["GET"]}}],"collection":[{"href":"https:\/\/migracao.redenoticia.com.br\/noticia\/wp-json\/wp\/v2\/posts"}],"about":[{"href":"https:\/\/migracao.redenoticia.com.br\/noticia\/wp-json\/wp\/v2\/types\/post"}],"author":[{"embeddable":true,"href":"https:\/\/migracao.redenoticia.com.br\/noticia\/wp-json\/wp\/v2\/users\/4"}],"replies":[{"embeddable":true,"href":"https:\/\/migracao.redenoticia.com.br\/noticia\/wp-json\/wp\/v2\/comments?post=214198"}],"version-history":[{"count":0,"href":"https:\/\/migracao.redenoticia.com.br\/noticia\/wp-json\/wp\/v2\/posts\/214198\/revisions"}],"wp:featuredmedia":[{"embeddable":true,"href":"https:\/\/migracao.redenoticia.com.br\/noticia\/wp-json\/wp\/v2\/media\/213218"}],"wp:attachment":[{"href":"https:\/\/migracao.redenoticia.com.br\/noticia\/wp-json\/wp\/v2\/media?parent=214198"}],"wp:term":[{"taxonomy":"category","embeddable":true,"href":"https:\/\/migracao.redenoticia.com.br\/noticia\/wp-json\/wp\/v2\/categories?post=214198"},{"taxonomy":"post_tag","embeddable":true,"href":"https:\/\/migracao.redenoticia.com.br\/noticia\/wp-json\/wp\/v2\/tags?post=214198"}],"curies":[{"name":"wp","href":"https:\/\/api.w.org\/{rel}","templated":true}]}}