{"id":214211,"date":"2021-12-30T12:47:03","date_gmt":"2021-12-30T15:47:03","guid":{"rendered":"https:\/\/www.redenoticia.com.br\/noticia\/?p=214211"},"modified":"2021-12-30T12:47:03","modified_gmt":"2021-12-30T15:47:03","slug":"resumo-um-lugar-ao-sol-31-12-christian-renato-diz-a-ravi-que-deseja-ser-amigo-da-lara","status":"publish","type":"post","link":"https:\/\/migracao.redenoticia.com.br\/noticia\/2021\/resumo-um-lugar-ao-sol-31-12-christian-renato-diz-a-ravi-que-deseja-ser-amigo-da-lara\/214211","title":{"rendered":"Resumo &#8220;Um Lugar ao Sol&#8221; 31\/12: Christian\/Renato diz a Ravi que deseja ser amigo da Lara"},"content":{"rendered":"<p><img loading=\"lazy\" decoding=\"async\" class=\"aligncenter size-full wp-image-212131\" src=\"https:\/\/migracao.redenoticia.com.br\/noticia\/imagens\/um-lugar-ao-sol-resumo-novela-globo-personagens-caua.jpg\" alt=\"\" width=\"1280\" height=\"720\" srcset=\"https:\/\/migracao.redenoticia.com.br\/noticia\/imagens\/um-lugar-ao-sol-resumo-novela-globo-personagens-caua.jpg 1280w, https:\/\/migracao.redenoticia.com.br\/noticia\/imagens\/um-lugar-ao-sol-resumo-novela-globo-personagens-caua-250x140.jpg 250w, https:\/\/migracao.redenoticia.com.br\/noticia\/imagens\/um-lugar-ao-sol-resumo-novela-globo-personagens-caua-400x225.jpg 400w, https:\/\/migracao.redenoticia.com.br\/noticia\/imagens\/um-lugar-ao-sol-resumo-novela-globo-personagens-caua-768x432.jpg 768w, https:\/\/migracao.redenoticia.com.br\/noticia\/imagens\/um-lugar-ao-sol-resumo-novela-globo-personagens-caua-150x85.jpg 150w\" sizes=\"auto, (max-width: 1280px) 100vw, 1280px\" \/><\/p>\n<p><strong><em>Resumo da novela &#8220;Um Lugar ao Sol&#8221;<\/em><\/strong> em 31\/12: no cap\u00edtulo 047(*) da novela, B\u00e1rbara sofre com o desprezo de Christian\/Renato. T\u00falio providencia uma auditoria na Redentor para mascarar resultados. Christian\/Renato avisa a Ravi que Joy mandou uma mensagem pedindo mais dinheiro. Cec\u00edlia procura Ilana, com a inten\u00e7\u00e3o de a produtora arrumar um trabalho para Rebeca.<\/p>\n<p>Lara repreende Noca ao saber que a av\u00f3 esteve com Christian\/Renato. Elenice resolve ajudar uma tia ao saber por Teodoro que ela tem dinheiro. Ravi flagra Lara ligando para o celular de Christian\/Renato. Christian\/Renato diz a Ravi que deseja ser amigo da Lara. Christian\/Renato diz a Lara que n\u00e3o contou tudo sobre a noite em que encontrou o irm\u00e3o.<\/p>\n<p>(*) edi\u00e7\u00e3o das novelas da Globo, &#8220;Um Lugar ao Sol&#8221;, sujeito a altera\u00e7\u00e3o de data e conte\u00fado.<\/p>\n<p>Sinopse &#8220;Um Lugar ao Sol&#8221;: Christian assume a personalidade e o comportamento do irm\u00e3o morto. Decidido a deixar o passado para tr\u00e1s, assume a identidade de Renato, tendo Ravi como \u00fanico confidente. Ele v\u00ea seu grande amor, Lara, enterrar o corpo que supostamente seria seu e segue rumo a uma nova vida, tendo que lidar com as consequ\u00eancias de sua escolha.<\/p>\n","protected":false},"excerpt":{"rendered":"<p>Resumo da novela &#8220;Um Lugar ao Sol&#8221; em 31\/12: no cap\u00edtulo 047(*) da novela, B\u00e1rbara sofre com o desprezo de Christian\/Renato. T\u00falio providencia uma auditoria na Redentor para mascarar resultados. Christian\/Renato avisa a Ravi que Joy mandou uma mensagem pedindo mais dinheiro. Cec\u00edlia procura Ilana, com a inten\u00e7\u00e3o de a produtora arrumar um trabalho para [&hellip;]<\/p>\n","protected":false},"author":4,"featured_media":212132,"comment_status":"closed","ping_status":"closed","sticky":false,"template":"","format":"standard","meta":{"tdm_status":"","tdm_grid_status":"","footnotes":""},"categories":[379,375,2025,343,2223],"tags":[441],"class_list":{"0":"post-214211","1":"post","2":"type-post","3":"status-publish","4":"format-standard","5":"has-post-thumbnail","7":"category-novelas","8":"category-rede-globo","9":"category-resumo","10":"category-televisao","11":"category-um-lugar-ao-sol","12":"tag-resumo-do-dia"},"_links":{"self":[{"href":"https:\/\/migracao.redenoticia.com.br\/noticia\/wp-json\/wp\/v2\/posts\/214211","targetHints":{"allow":["GET"]}}],"collection":[{"href":"https:\/\/migracao.redenoticia.com.br\/noticia\/wp-json\/wp\/v2\/posts"}],"about":[{"href":"https:\/\/migracao.redenoticia.com.br\/noticia\/wp-json\/wp\/v2\/types\/post"}],"author":[{"embeddable":true,"href":"https:\/\/migracao.redenoticia.com.br\/noticia\/wp-json\/wp\/v2\/users\/4"}],"replies":[{"embeddable":true,"href":"https:\/\/migracao.redenoticia.com.br\/noticia\/wp-json\/wp\/v2\/comments?post=214211"}],"version-history":[{"count":0,"href":"https:\/\/migracao.redenoticia.com.br\/noticia\/wp-json\/wp\/v2\/posts\/214211\/revisions"}],"wp:featuredmedia":[{"embeddable":true,"href":"https:\/\/migracao.redenoticia.com.br\/noticia\/wp-json\/wp\/v2\/media\/212132"}],"wp:attachment":[{"href":"https:\/\/migracao.redenoticia.com.br\/noticia\/wp-json\/wp\/v2\/media?parent=214211"}],"wp:term":[{"taxonomy":"category","embeddable":true,"href":"https:\/\/migracao.redenoticia.com.br\/noticia\/wp-json\/wp\/v2\/categories?post=214211"},{"taxonomy":"post_tag","embeddable":true,"href":"https:\/\/migracao.redenoticia.com.br\/noticia\/wp-json\/wp\/v2\/tags?post=214211"}],"curies":[{"name":"wp","href":"https:\/\/api.w.org\/{rel}","templated":true}]}}