{"id":214249,"date":"2021-12-31T14:07:18","date_gmt":"2021-12-31T17:07:18","guid":{"rendered":"https:\/\/www.redenoticia.com.br\/noticia\/?p=214249"},"modified":"2021-12-31T14:07:18","modified_gmt":"2021-12-31T17:07:18","slug":"resumo-um-lugar-ao-sol-01-01-barbara-assiste-a-premiacao-de-janine","status":"publish","type":"post","link":"https:\/\/migracao.redenoticia.com.br\/noticia\/2021\/resumo-um-lugar-ao-sol-01-01-barbara-assiste-a-premiacao-de-janine\/214249","title":{"rendered":"Resumo &#8220;Um Lugar ao Sol&#8221; 01\/01: B\u00e1rbara assiste \u00e0 premia\u00e7\u00e3o de Janine"},"content":{"rendered":"<p><img loading=\"lazy\" decoding=\"async\" class=\"aligncenter size-full wp-image-212131\" src=\"https:\/\/migracao.redenoticia.com.br\/noticia\/imagens\/um-lugar-ao-sol-resumo-novela-globo-personagens-caua.jpg\" alt=\"\" width=\"1280\" height=\"720\" srcset=\"https:\/\/migracao.redenoticia.com.br\/noticia\/imagens\/um-lugar-ao-sol-resumo-novela-globo-personagens-caua.jpg 1280w, https:\/\/migracao.redenoticia.com.br\/noticia\/imagens\/um-lugar-ao-sol-resumo-novela-globo-personagens-caua-250x140.jpg 250w, https:\/\/migracao.redenoticia.com.br\/noticia\/imagens\/um-lugar-ao-sol-resumo-novela-globo-personagens-caua-400x225.jpg 400w, https:\/\/migracao.redenoticia.com.br\/noticia\/imagens\/um-lugar-ao-sol-resumo-novela-globo-personagens-caua-768x432.jpg 768w, https:\/\/migracao.redenoticia.com.br\/noticia\/imagens\/um-lugar-ao-sol-resumo-novela-globo-personagens-caua-150x85.jpg 150w\" sizes=\"auto, (max-width: 1280px) 100vw, 1280px\" \/><\/p>\n<p><strong><em>Resumo da novela &#8220;Um Lugar ao Sol&#8221;<\/em><\/strong> em 01\/01: no cap\u00edtulo 048(*) da novela, Christian\/Renato conta a Lara que o irm\u00e3o pensava em n\u00e3o ir para Minas com ela. T\u00falio diz a Santiago que foi Christian\/Renato quem escolheu a empresa de auditoria. B\u00e1rbara assiste \u00e0 premia\u00e7\u00e3o de Janine e fica furiosa ao ver Christian\/Renato aplaudindo a mo\u00e7a de p\u00e9.<\/p>\n<p>B\u00e1rbara expulsa Christian\/Renato de casa. Diante da possibilidade de perder tudo, Christian\/Renato reverte o jogo e o casal faz as pazes. Preocupada com os encontros de Lara com Christian\/Renato, Noca diz \u00e0 neta que teve que mentir para Mateus. Mateus entra no restaurante e pede explica\u00e7\u00f5es a Noca.<br \/>\n(*) edi\u00e7\u00e3o das novelas da Globo, &#8220;Um Lugar ao Sol&#8221;, sujeito a altera\u00e7\u00e3o de data e conte\u00fado.<\/p>\n<p>Sinopse &#8220;Um Lugar ao Sol&#8221;: Christian assume a personalidade e o comportamento do irm\u00e3o morto. Decidido a deixar o passado para tr\u00e1s, assume a identidade de Renato, tendo Ravi como \u00fanico confidente. Ele v\u00ea seu grande amor, Lara, enterrar o corpo que supostamente seria seu e segue rumo a uma nova vida, tendo que lidar com as consequ\u00eancias de sua escolha.<\/p>\n","protected":false},"excerpt":{"rendered":"<p>Resumo da novela &#8220;Um Lugar ao Sol&#8221; em 01\/01: no cap\u00edtulo 048(*) da novela, Christian\/Renato conta a Lara que o irm\u00e3o pensava em n\u00e3o ir para Minas com ela. T\u00falio diz a Santiago que foi Christian\/Renato quem escolheu a empresa de auditoria. B\u00e1rbara assiste \u00e0 premia\u00e7\u00e3o de Janine e fica furiosa ao ver Christian\/Renato aplaudindo [&hellip;]<\/p>\n","protected":false},"author":4,"featured_media":212132,"comment_status":"closed","ping_status":"closed","sticky":false,"template":"","format":"standard","meta":{"tdm_status":"","tdm_grid_status":"","footnotes":""},"categories":[379,375,2025,343,2223],"tags":[441],"class_list":{"0":"post-214249","1":"post","2":"type-post","3":"status-publish","4":"format-standard","5":"has-post-thumbnail","7":"category-novelas","8":"category-rede-globo","9":"category-resumo","10":"category-televisao","11":"category-um-lugar-ao-sol","12":"tag-resumo-do-dia"},"_links":{"self":[{"href":"https:\/\/migracao.redenoticia.com.br\/noticia\/wp-json\/wp\/v2\/posts\/214249","targetHints":{"allow":["GET"]}}],"collection":[{"href":"https:\/\/migracao.redenoticia.com.br\/noticia\/wp-json\/wp\/v2\/posts"}],"about":[{"href":"https:\/\/migracao.redenoticia.com.br\/noticia\/wp-json\/wp\/v2\/types\/post"}],"author":[{"embeddable":true,"href":"https:\/\/migracao.redenoticia.com.br\/noticia\/wp-json\/wp\/v2\/users\/4"}],"replies":[{"embeddable":true,"href":"https:\/\/migracao.redenoticia.com.br\/noticia\/wp-json\/wp\/v2\/comments?post=214249"}],"version-history":[{"count":0,"href":"https:\/\/migracao.redenoticia.com.br\/noticia\/wp-json\/wp\/v2\/posts\/214249\/revisions"}],"wp:featuredmedia":[{"embeddable":true,"href":"https:\/\/migracao.redenoticia.com.br\/noticia\/wp-json\/wp\/v2\/media\/212132"}],"wp:attachment":[{"href":"https:\/\/migracao.redenoticia.com.br\/noticia\/wp-json\/wp\/v2\/media?parent=214249"}],"wp:term":[{"taxonomy":"category","embeddable":true,"href":"https:\/\/migracao.redenoticia.com.br\/noticia\/wp-json\/wp\/v2\/categories?post=214249"},{"taxonomy":"post_tag","embeddable":true,"href":"https:\/\/migracao.redenoticia.com.br\/noticia\/wp-json\/wp\/v2\/tags?post=214249"}],"curies":[{"name":"wp","href":"https:\/\/api.w.org\/{rel}","templated":true}]}}