{"id":214271,"date":"2022-01-01T15:56:32","date_gmt":"2022-01-01T18:56:32","guid":{"rendered":"https:\/\/www.redenoticia.com.br\/noticia\/?p=214271"},"modified":"2022-01-01T15:56:32","modified_gmt":"2022-01-01T18:56:32","slug":"resumo-um-lugar-ao-sol-03-01-barbara-segue-christian-renato-e-o-flagra-com-joy","status":"publish","type":"post","link":"https:\/\/migracao.redenoticia.com.br\/noticia\/2022\/resumo-um-lugar-ao-sol-03-01-barbara-segue-christian-renato-e-o-flagra-com-joy\/214271","title":{"rendered":"Resumo &#8220;Um Lugar ao Sol&#8221; 03\/01: B\u00e1rbara segue Christian\/Renato e o flagra com Joy"},"content":{"rendered":"<p> <img loading=\"lazy\" decoding=\"async\" class=\"aligncenter size-full wp-image-212131\" src=\"https:\/\/migracao.redenoticia.com.br\/noticia\/imagens\/um-lugar-ao-sol-resumo-novela-globo-personagens-caua.jpg\" alt=\"\" width=\"1280\" height=\"720\" srcset=\"https:\/\/migracao.redenoticia.com.br\/noticia\/imagens\/um-lugar-ao-sol-resumo-novela-globo-personagens-caua.jpg 1280w, https:\/\/migracao.redenoticia.com.br\/noticia\/imagens\/um-lugar-ao-sol-resumo-novela-globo-personagens-caua-250x140.jpg 250w, https:\/\/migracao.redenoticia.com.br\/noticia\/imagens\/um-lugar-ao-sol-resumo-novela-globo-personagens-caua-400x225.jpg 400w, https:\/\/migracao.redenoticia.com.br\/noticia\/imagens\/um-lugar-ao-sol-resumo-novela-globo-personagens-caua-768x432.jpg 768w, https:\/\/migracao.redenoticia.com.br\/noticia\/imagens\/um-lugar-ao-sol-resumo-novela-globo-personagens-caua-150x85.jpg 150w\" sizes=\"auto, (max-width: 1280px) 100vw, 1280px\" \/><\/p>\n<p><strong><em>Resumo da novela &#8220;Um Lugar ao Sol&#8221;<\/em><\/strong> em 03\/01: no cap\u00edtulo 049(*) da novela, Lara se sente ofendida com a desconfian\u00e7a de Mateus. Cec\u00edlia admira Rebeca ao ver a m\u00e3e posando para a sess\u00e3o de fotos. Ana Virg\u00ednia fica feliz com a reconcilia\u00e7\u00e3o de Breno e Ilana. Joy pede dinheiro a Christian\/Renato para pagar a cirurgia de Adel.<\/p>\n<p>B\u00e1rbara segue o carro de Christian\/Renato com Nicole e flagra Joy no ve\u00edculo do marido. O relat\u00f3rio de auditoria da Redentor \u00e9 conclu\u00eddo sem constatar nenhum ind\u00edcio de fraude ou desvio de recursos. A psic\u00f3loga da escola de Luan alerta \u00c9rica para a queda de desempenho do filho nos estudos e sugere que o mau resultado possa estar associado ao afastamento de Santiago. <\/p>\n<p>Lara avisa a Mateus que se encontrar\u00e1 com Christian\/Renato para mostrar o projeto do restaurante-escola. Gabriela avisa a Ilana e Breno que eles dever\u00e3o tomar uma decis\u00e3o em rela\u00e7\u00e3o \u00e0 gravidez. <\/p>\n<p>(*) edi\u00e7\u00e3o das novelas da Globo, &#8220;Um Lugar ao Sol&#8221;, sujeito a altera\u00e7\u00e3o de data e conte\u00fado.<\/p>\n<p>Sinopse &#8220;Um Lugar ao Sol&#8221;: Christian assume a personalidade e o comportamento do irm\u00e3o morto. Decidido a deixar o passado para tr\u00e1s, assume a identidade de Renato, tendo Ravi como \u00fanico confidente. Ele v\u00ea seu grande amor, Lara, enterrar o corpo que supostamente seria seu e segue rumo a uma nova vida, tendo que lidar com as consequ\u00eancias de sua escolha. <\/p>\n","protected":false},"excerpt":{"rendered":"<p>Resumo da novela &#8220;Um Lugar ao Sol&#8221; em 03\/01: no cap\u00edtulo 049(*) da novela, Lara se sente ofendida com a desconfian\u00e7a de Mateus. Cec\u00edlia admira Rebeca ao ver a m\u00e3e posando para a sess\u00e3o de fotos. Ana Virg\u00ednia fica feliz com a reconcilia\u00e7\u00e3o de Breno e Ilana. Joy pede dinheiro a Christian\/Renato para pagar a [&hellip;]<\/p>\n","protected":false},"author":2,"featured_media":212132,"comment_status":"closed","ping_status":"closed","sticky":false,"template":"","format":"standard","meta":{"tdm_status":"","tdm_grid_status":"","footnotes":""},"categories":[379,375,2025,343,2223],"tags":[441],"class_list":{"0":"post-214271","1":"post","2":"type-post","3":"status-publish","4":"format-standard","5":"has-post-thumbnail","7":"category-novelas","8":"category-rede-globo","9":"category-resumo","10":"category-televisao","11":"category-um-lugar-ao-sol","12":"tag-resumo-do-dia"},"_links":{"self":[{"href":"https:\/\/migracao.redenoticia.com.br\/noticia\/wp-json\/wp\/v2\/posts\/214271","targetHints":{"allow":["GET"]}}],"collection":[{"href":"https:\/\/migracao.redenoticia.com.br\/noticia\/wp-json\/wp\/v2\/posts"}],"about":[{"href":"https:\/\/migracao.redenoticia.com.br\/noticia\/wp-json\/wp\/v2\/types\/post"}],"author":[{"embeddable":true,"href":"https:\/\/migracao.redenoticia.com.br\/noticia\/wp-json\/wp\/v2\/users\/2"}],"replies":[{"embeddable":true,"href":"https:\/\/migracao.redenoticia.com.br\/noticia\/wp-json\/wp\/v2\/comments?post=214271"}],"version-history":[{"count":0,"href":"https:\/\/migracao.redenoticia.com.br\/noticia\/wp-json\/wp\/v2\/posts\/214271\/revisions"}],"wp:featuredmedia":[{"embeddable":true,"href":"https:\/\/migracao.redenoticia.com.br\/noticia\/wp-json\/wp\/v2\/media\/212132"}],"wp:attachment":[{"href":"https:\/\/migracao.redenoticia.com.br\/noticia\/wp-json\/wp\/v2\/media?parent=214271"}],"wp:term":[{"taxonomy":"category","embeddable":true,"href":"https:\/\/migracao.redenoticia.com.br\/noticia\/wp-json\/wp\/v2\/categories?post=214271"},{"taxonomy":"post_tag","embeddable":true,"href":"https:\/\/migracao.redenoticia.com.br\/noticia\/wp-json\/wp\/v2\/tags?post=214271"}],"curies":[{"name":"wp","href":"https:\/\/api.w.org\/{rel}","templated":true}]}}