{"id":214275,"date":"2022-01-01T15:49:50","date_gmt":"2022-01-01T18:49:50","guid":{"rendered":"https:\/\/www.redenoticia.com.br\/noticia\/?p=214275"},"modified":"2022-01-01T15:49:50","modified_gmt":"2022-01-01T18:49:50","slug":"resumo-carinha-de-anjo-03-01-dulce-descobre-que-seu-pai-vai-se-casar-com-nicole","status":"publish","type":"post","link":"https:\/\/migracao.redenoticia.com.br\/noticia\/2022\/resumo-carinha-de-anjo-03-01-dulce-descobre-que-seu-pai-vai-se-casar-com-nicole\/214275","title":{"rendered":"Resumo \u201cCarinha De Anjo\u201d 03\/01: Dulce descobre que seu pai vai se casar com Nicole"},"content":{"rendered":"<p> <img loading=\"lazy\" decoding=\"async\" class=\"aligncenter size-full wp-image-210452\" src=\"https:\/\/migracao.redenoticia.com.br\/noticia\/imagens\/carinha-de-anjo-novela-sbt-elenco-infantil.jpeg\" alt=\"\" width=\"1280\" height=\"720\" srcset=\"https:\/\/migracao.redenoticia.com.br\/noticia\/imagens\/carinha-de-anjo-novela-sbt-elenco-infantil.jpeg 1280w, https:\/\/migracao.redenoticia.com.br\/noticia\/imagens\/carinha-de-anjo-novela-sbt-elenco-infantil-250x140.jpeg 250w, https:\/\/migracao.redenoticia.com.br\/noticia\/imagens\/carinha-de-anjo-novela-sbt-elenco-infantil-400x225.jpeg 400w, https:\/\/migracao.redenoticia.com.br\/noticia\/imagens\/carinha-de-anjo-novela-sbt-elenco-infantil-768x432.jpeg 768w, https:\/\/migracao.redenoticia.com.br\/noticia\/imagens\/carinha-de-anjo-novela-sbt-elenco-infantil-150x85.jpeg 150w\" sizes=\"auto, (max-width: 1280px) 100vw, 1280px\" \/><\/p>\n<p><strong><em>Resumo da novela \u201cCarinha De Anjo\u201d<\/em><\/strong> em 03\/01: no cap\u00edtulo 076(*) da novela, Cec\u00edlia diz para Gustavo que seria um sonho para ela poder cuidar da Dulce Maria para a vida toda, mas que ele ir\u00e1 se casar e ter mais filhos. A novi\u00e7a revela ainda que pensa em mudar de col\u00e9gio, mas n\u00e3o sabe como se abrir assim.<\/p>\n<p>Cec\u00edlia fica parada e imagina como seria ela se casando com Gustavo e beijando ele no final da cerim\u00f4nia. Dulce chama a aten\u00e7\u00e3o da novi\u00e7a, que desperta de sua imagina\u00e7\u00e3o, para mostrar seu vestido dama de honra. Cec\u00edlia conta para Fabiana que percebeu que seu sentimento jamais ir\u00e1 se realizar, por isso vai tomar uma decis\u00e3o. No dia seguinte, Fabiana conversa com Diana e revela que ir\u00e1 abandonar a vida religiosa para valer. Cecilia conta que s\u00f3 ela sabe disso e que s\u00f3 vai contar sua decis\u00e3o ap\u00f3s o anivers\u00e1rio de 6 anos da Dulce Maria. Emocionada, a novi\u00e7a conta que se enganou sobre sua voca\u00e7\u00e3o para ser freira. Cec\u00edlia diz que vai se manter longe de Gustavo, pois ele vai se casar com outra mulher.<\/p>\n<p>Nicole vai at\u00e9 o col\u00e9gio conversar com Dulce Maria e conta que ir\u00e3o se casar. Fl\u00e1vio vai falar com Gustavo ap\u00f3s conversar em segredo com Silvana. Nicole diz para Dulce que Gustavo est\u00e1 sofrendo pois queria se casar com ela, mas n\u00e3o pode, pois Dulce n\u00e3o aceita. A megera pede para que a pequenina ligue para Gustavo e pe\u00e7a para que ele se case r\u00e1pido com Nicole. Fl\u00e1vio coloca c\u00e2meras escondidas em seu apartamento visando conseguir um emprego na empresa de Gustavo.<\/p>\n<p>Miguel diz para Peixoto que tentar\u00e1 ajudar ele a reatar o namoro com Rosana. Dulce telefona para o pai e mente que ficar\u00e1 feliz se o pai casar com Nicole. Ao chegar em casa, Nicole conta para Fl\u00e1vio que Dulce Maria \u00e9 insuport\u00e1vel e que quer que a menina fique podre em um col\u00e9gio interno. Fl\u00e1vio faz com que Nicole conte tudo o que fez com Gustavo para casar com ele. Fl\u00e1vio grava tudo escondido.<\/p>\n<p>(*) edi\u00e7\u00e3o das novelas do SBT, \u201cCarinha De Anjo\u201d, sujeito a altera\u00e7\u00e3o de data e conte\u00fado.<\/p>\n<p>Sinopse \u201cCarinha De Anjo\u201d: Dulce Maria \u00e9 uma menina doce, ingenua, inteligente e alegre de 5 anos de idade. \u00c9 brincalhona, aventureira e extremamente curiosa. Diverte a todos com seus coment\u00e1rios e perguntas indiscretas e surpreende com suas descobertas.<\/p>\n<p>Ela \u00e9 filha \u00fanica de Gustavo L\u00e1rios (Carlo Porto), bem-sucedido empres\u00e1rio da cafeicultura brasileira, e da mexicana Teresa Rezende L\u00e1rios (Lucero), m\u00e3e acolhedora de s\u00e1bios conselhos e voz ador\u00e1vel, que faleceu num acidente quando Dulce Maria tinha apenas 3 anos de idade. Traumatizado com a trag\u00e9dia, Gustavo deixou a filha no col\u00e9gio interno.<\/p>\n","protected":false},"excerpt":{"rendered":"<p>Resumo da novela \u201cCarinha De Anjo\u201d em 03\/01: no cap\u00edtulo 076(*) da novela, Cec\u00edlia diz para Gustavo que seria um sonho para ela poder cuidar da Dulce Maria para a vida toda, mas que ele ir\u00e1 se casar e ter mais filhos. A novi\u00e7a revela ainda que pensa em mudar de col\u00e9gio, mas n\u00e3o sabe [&hellip;]<\/p>\n","protected":false},"author":2,"featured_media":210453,"comment_status":"closed","ping_status":"closed","sticky":false,"template":"","format":"standard","meta":{"tdm_status":"","tdm_grid_status":"","footnotes":""},"categories":[452,379,2025,372,343],"tags":[441],"class_list":{"0":"post-214275","1":"post","2":"type-post","3":"status-publish","4":"format-standard","5":"has-post-thumbnail","7":"category-carinha-de-anjo","8":"category-novelas","9":"category-resumo","10":"category-sbt","11":"category-televisao","12":"tag-resumo-do-dia"},"_links":{"self":[{"href":"https:\/\/migracao.redenoticia.com.br\/noticia\/wp-json\/wp\/v2\/posts\/214275","targetHints":{"allow":["GET"]}}],"collection":[{"href":"https:\/\/migracao.redenoticia.com.br\/noticia\/wp-json\/wp\/v2\/posts"}],"about":[{"href":"https:\/\/migracao.redenoticia.com.br\/noticia\/wp-json\/wp\/v2\/types\/post"}],"author":[{"embeddable":true,"href":"https:\/\/migracao.redenoticia.com.br\/noticia\/wp-json\/wp\/v2\/users\/2"}],"replies":[{"embeddable":true,"href":"https:\/\/migracao.redenoticia.com.br\/noticia\/wp-json\/wp\/v2\/comments?post=214275"}],"version-history":[{"count":0,"href":"https:\/\/migracao.redenoticia.com.br\/noticia\/wp-json\/wp\/v2\/posts\/214275\/revisions"}],"wp:featuredmedia":[{"embeddable":true,"href":"https:\/\/migracao.redenoticia.com.br\/noticia\/wp-json\/wp\/v2\/media\/210453"}],"wp:attachment":[{"href":"https:\/\/migracao.redenoticia.com.br\/noticia\/wp-json\/wp\/v2\/media?parent=214275"}],"wp:term":[{"taxonomy":"category","embeddable":true,"href":"https:\/\/migracao.redenoticia.com.br\/noticia\/wp-json\/wp\/v2\/categories?post=214275"},{"taxonomy":"post_tag","embeddable":true,"href":"https:\/\/migracao.redenoticia.com.br\/noticia\/wp-json\/wp\/v2\/tags?post=214275"}],"curies":[{"name":"wp","href":"https:\/\/api.w.org\/{rel}","templated":true}]}}