{"id":214347,"date":"2022-01-04T11:53:05","date_gmt":"2022-01-04T14:53:05","guid":{"rendered":"https:\/\/www.redenoticia.com.br\/noticia\/?p=214347"},"modified":"2022-01-04T11:53:05","modified_gmt":"2022-01-04T14:53:05","slug":"resumo-carinha-de-anjo-05-01-gustavo-descobre-que-o-voo-de-volta-de-miami-foi-cancelado","status":"publish","type":"post","link":"https:\/\/migracao.redenoticia.com.br\/noticia\/2022\/resumo-carinha-de-anjo-05-01-gustavo-descobre-que-o-voo-de-volta-de-miami-foi-cancelado\/214347","title":{"rendered":"Resumo \u201cCarinha De Anjo\u201d 05\/01: Gustavo descobre que o voo de volta de Miami foi cancelado"},"content":{"rendered":"<p><img loading=\"lazy\" decoding=\"async\" class=\"aligncenter size-full wp-image-210452\" src=\"https:\/\/migracao.redenoticia.com.br\/noticia\/imagens\/carinha-de-anjo-novela-sbt-elenco-infantil.jpeg\" alt=\"\" width=\"1280\" height=\"720\" srcset=\"https:\/\/migracao.redenoticia.com.br\/noticia\/imagens\/carinha-de-anjo-novela-sbt-elenco-infantil.jpeg 1280w, https:\/\/migracao.redenoticia.com.br\/noticia\/imagens\/carinha-de-anjo-novela-sbt-elenco-infantil-250x140.jpeg 250w, https:\/\/migracao.redenoticia.com.br\/noticia\/imagens\/carinha-de-anjo-novela-sbt-elenco-infantil-400x225.jpeg 400w, https:\/\/migracao.redenoticia.com.br\/noticia\/imagens\/carinha-de-anjo-novela-sbt-elenco-infantil-768x432.jpeg 768w, https:\/\/migracao.redenoticia.com.br\/noticia\/imagens\/carinha-de-anjo-novela-sbt-elenco-infantil-150x85.jpeg 150w\" sizes=\"auto, (max-width: 1280px) 100vw, 1280px\" \/><\/p>\n<p><strong><em>Resumo da novela \u201cCarinha De Anjo\u201d<\/em><\/strong> em 05\/01: no cap\u00edtulo 078(*) da novela, Dulce Maria sonha com Tereza. Silvestre demiti Franciely, que chorando vai at\u00e9 a casa de Rosana com suas malas. Miguel e Diana voltam para casa e s\u00e3o recebidos com carinho pela fam\u00edlia. Ver\u00f4nica e Gustavo elogiam um ao outro durante o evento da Rey Caf\u00e9. Franciely chora e revela que n\u00e3o conseguir\u00e1 viver longe de Silvestre. Gustavo descobre que o voo de volta foi cancelado devido ao tempo ruim e que n\u00e3o h\u00e1 previs\u00e3o para o aeroporto abrir. Gustavo telefona para Estef\u00e2nia e conta sobre o que aconteceu, mas a Tia Perucas entra em desespero ao pensar na tristeza de Dulce Maria.<\/p>\n<p>Estef\u00e2nia e Padre Gabriel v\u00e3o at\u00e9 o internato para conversar com Dulce Maria. Em\u00edlio vai at\u00e9 a casa de Dulce para conversar com Silvestre. O garoto revela que Franciely est\u00e1 em sua casa chorando sem parar. Estef\u00e2nia conta para Dulce Maria que existe a possibilidade de Gustavo n\u00e3o chegar a tempo para a festa da carinha de anjo devido um furac\u00e3o que est\u00e1 para chegar na cidade em que ele est\u00e1. Em\u00edlio diz que Franciely chora por n\u00e3o poder mais ficar pr\u00f3ximo a Silvestre e que morrer\u00e1 de saudade. Silvestre fica emocionado ao saber que Franciely sente sua falta.<\/p>\n<p>(*) edi\u00e7\u00e3o das novelas do SBT, \u201cCarinha De Anjo\u201d, sujeito a altera\u00e7\u00e3o de data e conte\u00fado.<\/p>\n<p>Sinopse \u201cCarinha De Anjo\u201d: Dulce Maria \u00e9 uma menina doce, ingenua, inteligente e alegre de 5 anos de idade. \u00c9 brincalhona, aventureira e extremamente curiosa. Diverte a todos com seus coment\u00e1rios e perguntas indiscretas e surpreende com suas descobertas.<\/p>\n<p>Ela \u00e9 filha \u00fanica de Gustavo L\u00e1rios (Carlo Porto), bem-sucedido empres\u00e1rio da cafeicultura brasileira, e da mexicana Teresa Rezende L\u00e1rios (Lucero), m\u00e3e acolhedora de s\u00e1bios conselhos e voz ador\u00e1vel, que faleceu num acidente quando Dulce Maria tinha apenas 3 anos de idade. Traumatizado com a trag\u00e9dia, Gustavo deixou a filha no col\u00e9gio interno.<\/p>\n","protected":false},"excerpt":{"rendered":"<p>Resumo da novela \u201cCarinha De Anjo\u201d em 05\/01: no cap\u00edtulo 078(*) da novela, Dulce Maria sonha com Tereza. Silvestre demiti Franciely, que chorando vai at\u00e9 a casa de Rosana com suas malas. Miguel e Diana voltam para casa e s\u00e3o recebidos com carinho pela fam\u00edlia. Ver\u00f4nica e Gustavo elogiam um ao outro durante o evento [&hellip;]<\/p>\n","protected":false},"author":4,"featured_media":210453,"comment_status":"closed","ping_status":"closed","sticky":false,"template":"","format":"standard","meta":{"tdm_status":"","tdm_grid_status":"","footnotes":""},"categories":[452,379,2025,372,343],"tags":[441],"class_list":{"0":"post-214347","1":"post","2":"type-post","3":"status-publish","4":"format-standard","5":"has-post-thumbnail","7":"category-carinha-de-anjo","8":"category-novelas","9":"category-resumo","10":"category-sbt","11":"category-televisao","12":"tag-resumo-do-dia"},"_links":{"self":[{"href":"https:\/\/migracao.redenoticia.com.br\/noticia\/wp-json\/wp\/v2\/posts\/214347","targetHints":{"allow":["GET"]}}],"collection":[{"href":"https:\/\/migracao.redenoticia.com.br\/noticia\/wp-json\/wp\/v2\/posts"}],"about":[{"href":"https:\/\/migracao.redenoticia.com.br\/noticia\/wp-json\/wp\/v2\/types\/post"}],"author":[{"embeddable":true,"href":"https:\/\/migracao.redenoticia.com.br\/noticia\/wp-json\/wp\/v2\/users\/4"}],"replies":[{"embeddable":true,"href":"https:\/\/migracao.redenoticia.com.br\/noticia\/wp-json\/wp\/v2\/comments?post=214347"}],"version-history":[{"count":0,"href":"https:\/\/migracao.redenoticia.com.br\/noticia\/wp-json\/wp\/v2\/posts\/214347\/revisions"}],"wp:featuredmedia":[{"embeddable":true,"href":"https:\/\/migracao.redenoticia.com.br\/noticia\/wp-json\/wp\/v2\/media\/210453"}],"wp:attachment":[{"href":"https:\/\/migracao.redenoticia.com.br\/noticia\/wp-json\/wp\/v2\/media?parent=214347"}],"wp:term":[{"taxonomy":"category","embeddable":true,"href":"https:\/\/migracao.redenoticia.com.br\/noticia\/wp-json\/wp\/v2\/categories?post=214347"},{"taxonomy":"post_tag","embeddable":true,"href":"https:\/\/migracao.redenoticia.com.br\/noticia\/wp-json\/wp\/v2\/tags?post=214347"}],"curies":[{"name":"wp","href":"https:\/\/api.w.org\/{rel}","templated":true}]}}